{"id":179346,"date":"2025-12-07T23:44:13","date_gmt":"2025-12-07T23:44:13","guid":{"rendered":"https:\/\/www.europesays.com\/pt\/179346\/"},"modified":"2025-12-07T23:44:13","modified_gmt":"2025-12-07T23:44:13","slug":"marisa-e-pedro-jorge-em-atrito-por-causa-da-sogra-para-estar-com-os-teus-filhos","status":"publish","type":"post","link":"https:\/\/www.europesays.com\/pt\/179346\/","title":{"rendered":"Marisa e Pedro Jorge em atrito por causa da &#8220;sogra&#8221;? &#8220;Para estar com os teus filhos&#8230;&#8221;"},"content":{"rendered":"<p>\t\t\t\t\t\t\t\t\t\t\t\t\t\tA gest\u00e3o familiar e o apoio que o casal recebe fora da \u201cCasa dos Segredos\u201d geraram um momento de tens\u00e3o entre Marisa e Pedro Jorge.<\/p>\n<p data-path-to-node=\"3\">A conversa n\u00e3o tomou contornos concretos at\u00e9 porque o casal n\u00e3o quis referir nomes, mas a m\u00e3e de Pedro Jorge parece estar no cerne da quest\u00e3o.<\/p>\n<p data-path-to-node=\"4\"><strong>\u201cH\u00e1 mais pessoas que fizeram para estar aqui hoje\u2026 Se n\u00e3o, n\u00e3o est\u00e1vamos c\u00e1\u201d<\/strong>, come\u00e7ou por alertar Marisa.<\/p>\n<p data-path-to-node=\"4\">Por sua vez, Pedro Jorge destacou:<strong> \u201cH\u00e1 pessoas que deixaram de trabalhar, deixaram de ganhar o ordenado, para estar com os teus filhos. Para mim isso \u00e9 de valor porque mais ningu\u00e9m fazia\u201d<\/strong>.<\/p>\n<p data-path-to-node=\"5\">Mas Marisa ripostou: <strong>\u201cMas tamb\u00e9m n\u00e3o estamos a falar de um primo ou de um amigo, estamos a falar de uma av\u00f3\u201d<\/strong>.<\/p>\n<p data-path-to-node=\"6\">Contudo, Pedro Jorge sublinhou: <strong>\u201cSim, mas a av\u00f3 tem uma vida, tem um trabalho. Para deixar o trabalho tem v\u00e1rias condicionantes. N\u00e3o \u00e9 assim do dia para a noite, mais ningu\u00e9m te ficava com o garoto\u201d<\/strong>.<\/p>\n<p><a href=\"https:\/\/x.com\/MaRy_Mo0n_\/status\/1997435805531336866\" rel=\"nofollow\">Veja o v\u00eddeo aqui.<\/a><\/p>\n","protected":false},"excerpt":{"rendered":"A gest\u00e3o familiar e o apoio que o casal recebe fora da \u201cCasa dos Segredos\u201d geraram um momento&hellip;\n","protected":false},"author":2,"featured_media":179347,"comment_status":"","ping_status":"","sticky":false,"template":"","format":"standard","meta":{"footnotes":""},"categories":[142],"tags":[36890,2632,114,115,19184,36891,21416,32,33,36892,151],"class_list":{"0":"post-179346","1":"post","2":"type-post","3":"status-publish","4":"format-standard","5":"has-post-thumbnail","7":"category-tv","8":"tag-atrito","9":"tag-casa-dos-segredos","10":"tag-entertainment","11":"tag-entretenimento","12":"tag-marisa","13":"tag-mu00e3e-de-pedro-jorge","14":"tag-pedro-jorge","15":"tag-portugal","16":"tag-pt","17":"tag-sogra-de-marisa","18":"tag-tv"},"share_on_mastodon":{"url":"https:\/\/pubeurope.com\/@pt\/115680946624236772","error":""},"_links":{"self":[{"href":"https:\/\/www.europesays.com\/pt\/wp-json\/wp\/v2\/posts\/179346","targetHints":{"allow":["GET"]}}],"collection":[{"href":"https:\/\/www.europesays.com\/pt\/wp-json\/wp\/v2\/posts"}],"about":[{"href":"https:\/\/www.europesays.com\/pt\/wp-json\/wp\/v2\/types\/post"}],"author":[{"embeddable":true,"href":"https:\/\/www.europesays.com\/pt\/wp-json\/wp\/v2\/users\/2"}],"replies":[{"embeddable":true,"href":"https:\/\/www.europesays.com\/pt\/wp-json\/wp\/v2\/comments?post=179346"}],"version-history":[{"count":0,"href":"https:\/\/www.europesays.com\/pt\/wp-json\/wp\/v2\/posts\/179346\/revisions"}],"wp:featuredmedia":[{"embeddable":true,"href":"https:\/\/www.europesays.com\/pt\/wp-json\/wp\/v2\/media\/179347"}],"wp:attachment":[{"href":"https:\/\/www.europesays.com\/pt\/wp-json\/wp\/v2\/media?parent=179346"}],"wp:term":[{"taxonomy":"category","embeddable":true,"href":"https:\/\/www.europesays.com\/pt\/wp-json\/wp\/v2\/categories?post=179346"},{"taxonomy":"post_tag","embeddable":true,"href":"https:\/\/www.europesays.com\/pt\/wp-json\/wp\/v2\/tags?post=179346"}],"curies":[{"name":"wp","href":"https:\/\/api.w.org\/{rel}","templated":true}]}}