{"id":179374,"date":"2025-12-08T00:15:12","date_gmt":"2025-12-08T00:15:12","guid":{"rendered":"https:\/\/www.europesays.com\/pt\/179374\/"},"modified":"2025-12-08T00:15:12","modified_gmt":"2025-12-08T00:15:12","slug":"investimento-dos-encarnados-deve-ser-curto","status":"publish","type":"post","link":"https:\/\/www.europesays.com\/pt\/179374\/","title":{"rendered":"investimento dos encarnados deve ser curto"},"content":{"rendered":"<p>&#8211; Advertisement &#8211;<\/p>\n<p><strong>O Benfica pode n\u00e3o realizar um grande investimento no pr\u00f3ximo mercado de inverno. Tudo depende da Champions League.<\/strong><\/p>\n<p>O mercado de inverno do Benfica ainda \u00e9 uma inc\u00f3gnita. De acordo com o Record, tudo depende de uma passagem do emblema da Luz para o playoff da Champions League. Caso a equipa seja eliminada, Rui Costa n\u00e3o est\u00e1 disposto a realizar um grande investimento no m\u00eas de janeiro. <\/p>\n<p>Se o Benfica ficar pelo caminho, somente ser\u00e1 usado o dinheiro de poss\u00edveis vendas no mercado, verba substancialmente inferior \u00e0 que a estrutura estar\u00e1 disposto a investir, em caso de passagem. Relembrar que <a href=\"https:\/\/bolanarede.pt\/especial-bola-na-rede\/atualidade\/benfica-jose-mourinho-quer-reforcar-plantel-e-pede-2-extremos-e-um-lateral\/\" target=\"_blank\" rel=\"noreferrer noopener nofollow\">Jos\u00e9 Mourinho deseja alguns refor\u00e7os para a segunda metade da temporada<\/a>.<\/p>\n<p>As \u00e1guias t\u00eam vida complicada na Champions League, contando apenas com tr\u00eas pontos. Vai enfrentar na competi\u00e7\u00e3o o N\u00e1poles, Juventus e Real Madrid nas \u00faltimas jornadas.<\/p>\n","protected":false},"excerpt":{"rendered":"&#8211; Advertisement &#8211; O Benfica pode n\u00e3o realizar um grande investimento no pr\u00f3ximo mercado de inverno. Tudo depende&hellip;\n","protected":false},"author":2,"featured_media":179375,"comment_status":"","ping_status":"","sticky":false,"template":"","format":"standard","meta":{"footnotes":""},"categories":[87],"tags":[260,51,135,478,1385,32,33,6058,134],"class_list":{"0":"post-179374","1":"post","2":"type-post","3":"status-publish","4":"format-standard","5":"has-post-thumbnail","7":"category-desporto","8":"tag-atualidade","9":"tag-benfica","10":"tag-desporto","11":"tag-destaques-bnr","12":"tag-jose-mourinho","13":"tag-portugal","14":"tag-pt","15":"tag-rui-costa","16":"tag-sports"},"share_on_mastodon":{"url":"https:\/\/pubeurope.com\/@pt\/115681068739468455","error":""},"_links":{"self":[{"href":"https:\/\/www.europesays.com\/pt\/wp-json\/wp\/v2\/posts\/179374","targetHints":{"allow":["GET"]}}],"collection":[{"href":"https:\/\/www.europesays.com\/pt\/wp-json\/wp\/v2\/posts"}],"about":[{"href":"https:\/\/www.europesays.com\/pt\/wp-json\/wp\/v2\/types\/post"}],"author":[{"embeddable":true,"href":"https:\/\/www.europesays.com\/pt\/wp-json\/wp\/v2\/users\/2"}],"replies":[{"embeddable":true,"href":"https:\/\/www.europesays.com\/pt\/wp-json\/wp\/v2\/comments?post=179374"}],"version-history":[{"count":0,"href":"https:\/\/www.europesays.com\/pt\/wp-json\/wp\/v2\/posts\/179374\/revisions"}],"wp:featuredmedia":[{"embeddable":true,"href":"https:\/\/www.europesays.com\/pt\/wp-json\/wp\/v2\/media\/179375"}],"wp:attachment":[{"href":"https:\/\/www.europesays.com\/pt\/wp-json\/wp\/v2\/media?parent=179374"}],"wp:term":[{"taxonomy":"category","embeddable":true,"href":"https:\/\/www.europesays.com\/pt\/wp-json\/wp\/v2\/categories?post=179374"},{"taxonomy":"post_tag","embeddable":true,"href":"https:\/\/www.europesays.com\/pt\/wp-json\/wp\/v2\/tags?post=179374"}],"curies":[{"name":"wp","href":"https:\/\/api.w.org\/{rel}","templated":true}]}}