{"id":179391,"date":"2025-12-08T00:32:15","date_gmt":"2025-12-08T00:32:15","guid":{"rendered":"https:\/\/www.europesays.com\/pt\/179391\/"},"modified":"2025-12-08T00:32:15","modified_gmt":"2025-12-08T00:32:15","slug":"phantom-blade-zero-recebe-data-nos-game-awards","status":"publish","type":"post","link":"https:\/\/www.europesays.com\/pt\/179391\/","title":{"rendered":"Phantom Blade Zero recebe data nos Game Awards"},"content":{"rendered":"<p>A chinesa S-Game prometeu revelar a data de Phantom Blade Zero ainda em 2025, uma promessa que vai cumprir nas \u00faltimas semanas deste ano, num palco muito especial para os videojogos.<\/p>\n<p>Segundo revelado pelos organizadores dos Game Awards, Phantom Blade Zero estar\u00e1 presente no evento, no pr\u00f3ximo dia 11 de dezembro, para partilharem com o mundo o mais recente trailer, no qual ser\u00e1 mencionada a desejada data de lan\u00e7amento para o jogo.<\/p>\n<p>Por enquanto, n\u00e3o temos pistas sobre a data de lan\u00e7amento para Phantom Blade Zero, mas tendo em conta que <a href=\"https:\/\/www.eurogamer.pt\/games\/grand-theft-auto-vi\" rel=\"nofollow noopener\" target=\"_blank\">GTA 6<\/a> chega em novembro e muito provavelmente um Call of Duty tamb\u00e9m ser\u00e1 lan\u00e7ado nesse mesmo m\u00eas, ser\u00e1 de prever que a produtora queira escapar a essa janela.<\/p>\n<p>Mesmo sem qualquer informa\u00e7\u00e3o oficial, \u00e9 f\u00e1cil prever que Phantom Blade Zero chegar\u00e1 algures nos primeiros meses de 2026.<\/p>\n","protected":false},"excerpt":{"rendered":"A chinesa S-Game prometeu revelar a data de Phantom Blade Zero ainda em 2025, uma promessa que vai&hellip;\n","protected":false},"author":2,"featured_media":179392,"comment_status":"","ping_status":"","sticky":false,"template":"","format":"standard","meta":{"footnotes":""},"categories":[84],"tags":[109,107,108,32,33,105,103,104,106,110],"class_list":{"0":"post-179391","1":"post","2":"type-post","3":"status-publish","4":"format-standard","5":"has-post-thumbnail","7":"category-ciencia-e-tecnologia","8":"tag-ciencia","9":"tag-ciencia-e-tecnologia","10":"tag-cienciaetecnologia","11":"tag-portugal","12":"tag-pt","13":"tag-science","14":"tag-science-and-technology","15":"tag-scienceandtechnology","16":"tag-technology","17":"tag-tecnologia"},"share_on_mastodon":{"url":"https:\/\/pubeurope.com\/@pt\/115681135366770683","error":""},"_links":{"self":[{"href":"https:\/\/www.europesays.com\/pt\/wp-json\/wp\/v2\/posts\/179391","targetHints":{"allow":["GET"]}}],"collection":[{"href":"https:\/\/www.europesays.com\/pt\/wp-json\/wp\/v2\/posts"}],"about":[{"href":"https:\/\/www.europesays.com\/pt\/wp-json\/wp\/v2\/types\/post"}],"author":[{"embeddable":true,"href":"https:\/\/www.europesays.com\/pt\/wp-json\/wp\/v2\/users\/2"}],"replies":[{"embeddable":true,"href":"https:\/\/www.europesays.com\/pt\/wp-json\/wp\/v2\/comments?post=179391"}],"version-history":[{"count":0,"href":"https:\/\/www.europesays.com\/pt\/wp-json\/wp\/v2\/posts\/179391\/revisions"}],"wp:featuredmedia":[{"embeddable":true,"href":"https:\/\/www.europesays.com\/pt\/wp-json\/wp\/v2\/media\/179392"}],"wp:attachment":[{"href":"https:\/\/www.europesays.com\/pt\/wp-json\/wp\/v2\/media?parent=179391"}],"wp:term":[{"taxonomy":"category","embeddable":true,"href":"https:\/\/www.europesays.com\/pt\/wp-json\/wp\/v2\/categories?post=179391"},{"taxonomy":"post_tag","embeddable":true,"href":"https:\/\/www.europesays.com\/pt\/wp-json\/wp\/v2\/tags?post=179391"}],"curies":[{"name":"wp","href":"https:\/\/api.w.org\/{rel}","templated":true}]}}