{"id":179405,"date":"2025-12-08T00:50:22","date_gmt":"2025-12-08T00:50:22","guid":{"rendered":"https:\/\/www.europesays.com\/pt\/179405\/"},"modified":"2025-12-08T00:50:22","modified_gmt":"2025-12-08T00:50:22","slug":"funeral-da-segunda-vitima-na-a11-decorre-na-quarta-feira-em-braga","status":"publish","type":"post","link":"https:\/\/www.europesays.com\/pt\/179405\/","title":{"rendered":"Funeral da segunda v\u00edtima na A11 decorre na quarta-feira em Braga"},"content":{"rendered":"<p data-remotead-prev-elm=\"true\" data-remotead-elm-id=\"inread\">Daniela Pinto, de 34 anos, licenciada em Gest\u00e3o Aut\u00e1rquica, funcion\u00e1ria da C\u00e2mara Municipal de Braga e filha de Lu\u00edsa Pinto, de 66 anos, que teve morte imediata ap\u00f3s o acidente, faleceu na quinta-feira, no Hospital de Braga, na sequ\u00eancia dos graves ferimentos sofridos.<\/p>\n<blockquote data-type=\"articles\" data-id=\"related-article-18027161\"><p>\n              <strong>Leia tamb\u00e9m <\/strong><br \/>\n              <a href=\"https:\/\/www.jn.pt\/pais\/artigo\/filha-da-mulher-falecida-em-acidente-de-viacao-em-barcelos-tambem-morreu\/18027161\" rel=\"nofollow noopener\" target=\"_blank\">Filha da mulher falecida em acidente de via\u00e7\u00e3o em Barcelos tamb\u00e9m morreu<\/a>\n            <\/p><\/blockquote>\n<p>Aquando do acidente de via\u00e7\u00e3o, Daniela Pinto entrou em paragem cardiorrespirat\u00f3ria, que foi revertida ent\u00e3o pelas equipas do INEM de Barcelos e de Braga, com os Bombeiros de Barcelinhos e de Barcelos, tendo seguido para a Urg\u00eancia do Hospital de Braga, sempre com acompanhamento de m\u00e9dicos e de enfermeiros, dentro da ambul\u00e2ncia. Acabou por morrer quatro dias depois.<\/p>\n","protected":false},"excerpt":{"rendered":"Daniela Pinto, de 34 anos, licenciada em Gest\u00e3o Aut\u00e1rquica, funcion\u00e1ria da C\u00e2mara Municipal de Braga e filha de&hellip;\n","protected":false},"author":2,"featured_media":179406,"comment_status":"","ping_status":"","sticky":false,"template":"","format":"standard","meta":{"footnotes":""},"categories":[8],"tags":[59,27,28,24260,22615,15,16,14,25,26,21,22,12,13,19,20,32,23,24,33,17,18,29,30,31],"class_list":{"0":"post-179405","1":"post","2":"type-post","3":"status-publish","4":"format-standard","5":"has-post-thumbnail","7":"category-principais-noticias","8":"tag-acidente","9":"tag-breaking-news","10":"tag-breakingnews","11":"tag-colisao","12":"tag-concelho-braga","13":"tag-featured-news","14":"tag-featurednews","15":"tag-headlines","16":"tag-latest-news","17":"tag-latestnews","18":"tag-main-news","19":"tag-mainnews","20":"tag-news","21":"tag-noticias","22":"tag-noticias-principais","23":"tag-noticiasprincipais","24":"tag-portugal","25":"tag-principais-noticias","26":"tag-principaisnoticias","27":"tag-pt","28":"tag-top-stories","29":"tag-topstories","30":"tag-ultimas","31":"tag-ultimas-noticias","32":"tag-ultimasnoticias"},"share_on_mastodon":{"url":"https:\/\/pubeurope.com\/@pt\/115681206530395858","error":""},"_links":{"self":[{"href":"https:\/\/www.europesays.com\/pt\/wp-json\/wp\/v2\/posts\/179405","targetHints":{"allow":["GET"]}}],"collection":[{"href":"https:\/\/www.europesays.com\/pt\/wp-json\/wp\/v2\/posts"}],"about":[{"href":"https:\/\/www.europesays.com\/pt\/wp-json\/wp\/v2\/types\/post"}],"author":[{"embeddable":true,"href":"https:\/\/www.europesays.com\/pt\/wp-json\/wp\/v2\/users\/2"}],"replies":[{"embeddable":true,"href":"https:\/\/www.europesays.com\/pt\/wp-json\/wp\/v2\/comments?post=179405"}],"version-history":[{"count":0,"href":"https:\/\/www.europesays.com\/pt\/wp-json\/wp\/v2\/posts\/179405\/revisions"}],"wp:featuredmedia":[{"embeddable":true,"href":"https:\/\/www.europesays.com\/pt\/wp-json\/wp\/v2\/media\/179406"}],"wp:attachment":[{"href":"https:\/\/www.europesays.com\/pt\/wp-json\/wp\/v2\/media?parent=179405"}],"wp:term":[{"taxonomy":"category","embeddable":true,"href":"https:\/\/www.europesays.com\/pt\/wp-json\/wp\/v2\/categories?post=179405"},{"taxonomy":"post_tag","embeddable":true,"href":"https:\/\/www.europesays.com\/pt\/wp-json\/wp\/v2\/tags?post=179405"}],"curies":[{"name":"wp","href":"https:\/\/api.w.org\/{rel}","templated":true}]}}