{"id":179407,"date":"2025-12-08T00:51:10","date_gmt":"2025-12-08T00:51:10","guid":{"rendered":"https:\/\/www.europesays.com\/pt\/179407\/"},"modified":"2025-12-08T00:51:10","modified_gmt":"2025-12-08T00:51:10","slug":"o-clamor-de-fernanda-montenegro-apos-caso-de-violencia-contra-mulher","status":"publish","type":"post","link":"https:\/\/www.europesays.com\/pt\/179407\/","title":{"rendered":"O clamor de Fernanda Montenegro ap\u00f3s caso de viol\u00eancia contra mulher"},"content":{"rendered":"<p><a href=\"https:\/\/natelinha.uol.com.br\/famosos\/tudo-sobre\/fernanda-montenegro\" rel=\"nofollow noopener\" target=\"_blank\">Fernanda Montenegro<\/a> se manifestou neste domingo (7) e se juntou a outros artistas que t\u00eam feito fortes discursos sobre viol\u00eancia contra a mulher. A atriz brasileira usou as redes sociais para deixar claro que todos os que atacam mulheres precisam ser condenados.<\/p>\n<p>Considerada a maior atriz brasileira de todos os tempos, Fernandona, como \u00e9 conhecida, postou um texto em seu Instagram, compartilhando o mesmo post com outras pessoas, como a filha, <a href=\"https:\/\/natelinha.uol.com.br\/famosos\/tudo-sobre\/fernanda-torres\" rel=\"nofollow noopener\" target=\"_blank\">Fernanda Torres<\/a>, mas com sua assinatura nas aspas, para falar sobre o caso. &#8220;N\u00e3o s\u00e3o todos os homens que agem como torturadores e assassino de mulheres. Repito: N\u00e3o s\u00e3o todos&#8221;, inicia o discurso.<\/p>\n<p>+\u00a0<a href=\"https:\/\/natelinha.uol.com.br\/televisao\/2025\/12\/07\/rodrigo-faro-expoe-desafios-na-danca-e-lembra-disputa-com-huck-na-record-234944.php\" rel=\"nofollow noopener\" target=\"_blank\">Rodrigo Faro exp\u00f5e desafios na Dan\u00e7a e lembra disputa com Huck na Record<\/a><\/p>\n<p>continua depois da publicidade<\/p>\n<p>+\u00a0<a href=\"https:\/\/natelinha.uol.com.br\/famosos\/2025\/12\/07\/namorados-clara-moneke-e-breno-ferreira-expoem-visao-sobre-sexo-234942.php\" rel=\"nofollow noopener\" target=\"_blank\">Namorados, Clara Moneke e Breno Ferreira exp\u00f5em vis\u00e3o sobre sexo<\/a><\/p>\n<p>Mas quem leu o in\u00edcio e julgou que seria uma esp\u00e9cie de &#8220;passa pano&#8221;, se surpreendeu. A atriz de trabalhos ic\u00f4nicos no Brasil foi dura diante do que tem acontecido e fez um clamor para que todos os assassinos de mulheres sejam retirados da sociedade. &#8220;S\u00e3o alguns. Isso tem que ser dito. Os que s\u00e3o devem ser condenados. S\u00e3o homens que t\u00eam que ser retirados do conv\u00edvio humano, numa pris\u00e3o&#8221;, cravou.<\/p>\n<p>Fernanda Montenegro tamb\u00e9m falou que \u00e9 preciso uma a\u00e7\u00e3o mais forte diante dos mais recentes acontecimentos. &#8220;S\u00e3o seres que ignoram que o sangue que corre em suas veias \u00e9 o sangue de uma mulher&#8221;, iniciou antes de pedir uma resposta da justi\u00e7a brasileira. &#8220;A justi\u00e7a tem que agir \u00e0 altura dessa criminalidade monstruosa, espantosamente dolorosa. Justi\u00e7a, pare essa trag\u00e9dia!&#8221;, finalizou.<\/p>\n<p>continua depois da publicidade<\/p>\n<p>A postagem rapidamente viralizou e j\u00e1 beirava as 40 mil curtidas at\u00e9 a publica\u00e7\u00e3o da reportagem, al\u00e9m de ter centenas de coment\u00e1rios entre famosos e f\u00e3s.\u00a0<\/p>\n<p>O texto acontece horas depois da pris\u00e3o do homem que causou o choque mais recente em casos de viol\u00eancia contra a mulher. Ele foi apontado como o respons\u00e1vel pela agress\u00e3o a uma mulher e a arrastado com um autom\u00f3vel na Marginal em S\u00e3o Paulo. Ele est\u00e1 preso.<\/p>\n<blockquote class=\"instagram-media\" data-instgrm-captioned=\"\" data-instgrm-version=\"7\" style=\"width:100%;\"><p>\n\t\t\t\t\t\t\t\t\t<a href=\"https:\/\/www.instagram.com\/p\/DR99r8vjoBZ\/\" rel=\"nofollow noopener\" target=\"_blank\">\n\t\t\t\t\t\t\t\t<\/p><\/blockquote>\n<p>                    <script async src=\"\/\/www.instagram.com\/embed.js\"><\/script><\/p>\n","protected":false},"excerpt":{"rendered":"Fernanda Montenegro se manifestou neste domingo (7) e se juntou a outros artistas que t\u00eam feito fortes discursos&hellip;\n","protected":false},"author":2,"featured_media":179408,"comment_status":"","ping_status":"","sticky":false,"template":"","format":"standard","meta":{"footnotes":""},"categories":[145],"tags":[211,210,114,115,1747,32,33],"class_list":{"0":"post-179407","1":"post","2":"type-post","3":"status-publish","4":"format-standard","5":"has-post-thumbnail","7":"category-celebridades","8":"tag-celebridades","9":"tag-celebrities","10":"tag-entertainment","11":"tag-entretenimento","12":"tag-fernanda-montenegro","13":"tag-portugal","14":"tag-pt"},"share_on_mastodon":{"url":"https:\/\/pubeurope.com\/@pt\/115681210075604293","error":""},"_links":{"self":[{"href":"https:\/\/www.europesays.com\/pt\/wp-json\/wp\/v2\/posts\/179407","targetHints":{"allow":["GET"]}}],"collection":[{"href":"https:\/\/www.europesays.com\/pt\/wp-json\/wp\/v2\/posts"}],"about":[{"href":"https:\/\/www.europesays.com\/pt\/wp-json\/wp\/v2\/types\/post"}],"author":[{"embeddable":true,"href":"https:\/\/www.europesays.com\/pt\/wp-json\/wp\/v2\/users\/2"}],"replies":[{"embeddable":true,"href":"https:\/\/www.europesays.com\/pt\/wp-json\/wp\/v2\/comments?post=179407"}],"version-history":[{"count":0,"href":"https:\/\/www.europesays.com\/pt\/wp-json\/wp\/v2\/posts\/179407\/revisions"}],"wp:featuredmedia":[{"embeddable":true,"href":"https:\/\/www.europesays.com\/pt\/wp-json\/wp\/v2\/media\/179408"}],"wp:attachment":[{"href":"https:\/\/www.europesays.com\/pt\/wp-json\/wp\/v2\/media?parent=179407"}],"wp:term":[{"taxonomy":"category","embeddable":true,"href":"https:\/\/www.europesays.com\/pt\/wp-json\/wp\/v2\/categories?post=179407"},{"taxonomy":"post_tag","embeddable":true,"href":"https:\/\/www.europesays.com\/pt\/wp-json\/wp\/v2\/tags?post=179407"}],"curies":[{"name":"wp","href":"https:\/\/api.w.org\/{rel}","templated":true}]}}