{"id":179419,"date":"2025-12-08T01:04:15","date_gmt":"2025-12-08T01:04:15","guid":{"rendered":"https:\/\/www.europesays.com\/pt\/179419\/"},"modified":"2025-12-08T01:04:15","modified_gmt":"2025-12-08T01:04:15","slug":"portugal-de-prata-no-mundial-feminino-de-futsal-outras-modalidades","status":"publish","type":"post","link":"https:\/\/www.europesays.com\/pt\/179419\/","title":{"rendered":"Portugal de prata no Mundial feminino de futsal | Outras Modalidades"},"content":{"rendered":"<p>A selec\u00e7\u00e3o portuguesa falhou neste domingo a conquista do Campeonato do Mundo feminino de futsal, ao perder com o Brasil por 3-0, na final da primeira edi\u00e7\u00e3o da competi\u00e7\u00e3o que decorreu em Manila, nas Filipinas.<\/p>\n<p>Emilly (10 minutos), Amandinha (23&#8242;) e D\u00e9bora Vanin (38&#8242;) marcaram os golos das brasileiras, que, assim, entram para a hist\u00f3ria como as primeiras campe\u00e3s mundiais de futsal, replicando o que a equipa masculina j\u00e1 alcan\u00e7ou em seis ocasi\u00f5es.<\/p>\n<p>No \u00faltimo posto do p\u00f3dio do Campeonato do Mundo ficou a tricampe\u00e3 europeia Espanha, que hoje bateu a Argentina por 5-1.<\/p>\n","protected":false},"excerpt":{"rendered":"A selec\u00e7\u00e3o portuguesa falhou neste domingo a conquista do Campeonato do Mundo feminino de futsal, ao perder com&hellip;\n","protected":false},"author":2,"featured_media":179420,"comment_status":"","ping_status":"","sticky":false,"template":"","format":"standard","meta":{"footnotes":""},"categories":[8],"tags":[27,28,135,15,16,1831,14,25,26,21,22,12,13,19,20,1867,32,23,24,33,17,18,29,30,31],"class_list":{"0":"post-179419","1":"post","2":"type-post","3":"status-publish","4":"format-standard","5":"has-post-thumbnail","7":"category-principais-noticias","8":"tag-breaking-news","9":"tag-breakingnews","10":"tag-desporto","11":"tag-featured-news","12":"tag-featurednews","13":"tag-futsal","14":"tag-headlines","15":"tag-latest-news","16":"tag-latestnews","17":"tag-main-news","18":"tag-mainnews","19":"tag-news","20":"tag-noticias","21":"tag-noticias-principais","22":"tag-noticiasprincipais","23":"tag-outras-modalidades","24":"tag-portugal","25":"tag-principais-noticias","26":"tag-principaisnoticias","27":"tag-pt","28":"tag-top-stories","29":"tag-topstories","30":"tag-ultimas","31":"tag-ultimas-noticias","32":"tag-ultimasnoticias"},"share_on_mastodon":{"url":"https:\/\/pubeurope.com\/@pt\/115681261317228978","error":""},"_links":{"self":[{"href":"https:\/\/www.europesays.com\/pt\/wp-json\/wp\/v2\/posts\/179419","targetHints":{"allow":["GET"]}}],"collection":[{"href":"https:\/\/www.europesays.com\/pt\/wp-json\/wp\/v2\/posts"}],"about":[{"href":"https:\/\/www.europesays.com\/pt\/wp-json\/wp\/v2\/types\/post"}],"author":[{"embeddable":true,"href":"https:\/\/www.europesays.com\/pt\/wp-json\/wp\/v2\/users\/2"}],"replies":[{"embeddable":true,"href":"https:\/\/www.europesays.com\/pt\/wp-json\/wp\/v2\/comments?post=179419"}],"version-history":[{"count":0,"href":"https:\/\/www.europesays.com\/pt\/wp-json\/wp\/v2\/posts\/179419\/revisions"}],"wp:featuredmedia":[{"embeddable":true,"href":"https:\/\/www.europesays.com\/pt\/wp-json\/wp\/v2\/media\/179420"}],"wp:attachment":[{"href":"https:\/\/www.europesays.com\/pt\/wp-json\/wp\/v2\/media?parent=179419"}],"wp:term":[{"taxonomy":"category","embeddable":true,"href":"https:\/\/www.europesays.com\/pt\/wp-json\/wp\/v2\/categories?post=179419"},{"taxonomy":"post_tag","embeddable":true,"href":"https:\/\/www.europesays.com\/pt\/wp-json\/wp\/v2\/tags?post=179419"}],"curies":[{"name":"wp","href":"https:\/\/api.w.org\/{rel}","templated":true}]}}