{"id":17942,"date":"2025-08-06T04:23:24","date_gmt":"2025-08-06T04:23:24","guid":{"rendered":"https:\/\/www.europesays.com\/pt\/17942\/"},"modified":"2025-08-06T04:23:24","modified_gmt":"2025-08-06T04:23:24","slug":"inedito-afonso-leitao-confessa-que-ficou-a-tremer-com-a-proximidade-entre-a-ex-e-joao-oliveira-big-brother","status":"publish","type":"post","link":"https:\/\/www.europesays.com\/pt\/17942\/","title":{"rendered":"In\u00e9dito! Afonso Leit\u00e3o confessa que ficou \u00aba tremer\u00bb com a proximidade entre a &#8216;ex&#8217; e Jo\u00e3o Oliveira &#8211; Big Brother"},"content":{"rendered":"<p>No <strong>Big Brother Ver\u00e3o, Afonso Leit\u00e3o confessa a Catarina Miranda<\/strong> que a aproxima\u00e7\u00e3o entre J\u00e9ssica Vieira e Jo\u00e3o Oliveira o \u00abfez tremer\u00bb. <strong>Veja tudo.<\/strong><\/p>\n<p>De recordar que, na gala deste domingo, Jo\u00e3o Oliveira foi o concorrente expulso do Big Brother Ver\u00e3o. F\u00e1bio Paim apresentou a sua emocionante Curva da Vida e Catarina Miranda \u00e9 a nova l\u00edder da casa.<\/p>\n<p><strong><a href=\"https:\/\/tvi.iol.pt\/bigbrother\/aominuto\" rel=\"nofollow noopener\" target=\"_blank\">Acompanhe aqui tudo o que se passa na casa mais vigiada do pa\u00eds!\u00a0<\/a><\/strong><\/p>\n<p>\u00a0<\/p>\n","protected":false},"excerpt":{"rendered":"No Big Brother Ver\u00e3o, Afonso Leit\u00e3o confessa a Catarina Miranda que a aproxima\u00e7\u00e3o entre J\u00e9ssica Vieira e Jo\u00e3o&hellip;\n","protected":false},"author":2,"featured_media":17943,"comment_status":"","ping_status":"","sticky":false,"template":"","format":"standard","meta":{"footnotes":""},"categories":[142],"tags":[2031,331,48,329,333,328,335,336,114,115,334,332,330,435,13,32,33,151,162,227],"class_list":{"0":"post-17942","1":"post","2":"type-post","3":"status-publish","4":"format-standard","5":"has-post-thumbnail","7":"category-tv","8":"tag-afonso-leitao","9":"tag-big","10":"tag-big-brother","11":"tag-claudio-ramos","12":"tag-comentadores","13":"tag-concorrentes","14":"tag-confrontos","15":"tag-discussoes","16":"tag-entertainment","17":"tag-entretenimento","18":"tag-exclusivos","19":"tag-expulso","20":"tag-gala","21":"tag-joao-oliveira","22":"tag-noticias","23":"tag-portugal","24":"tag-pt","25":"tag-tv","26":"tag-tvi","27":"tag-videos"},"share_on_mastodon":{"url":"","error":""},"_links":{"self":[{"href":"https:\/\/www.europesays.com\/pt\/wp-json\/wp\/v2\/posts\/17942","targetHints":{"allow":["GET"]}}],"collection":[{"href":"https:\/\/www.europesays.com\/pt\/wp-json\/wp\/v2\/posts"}],"about":[{"href":"https:\/\/www.europesays.com\/pt\/wp-json\/wp\/v2\/types\/post"}],"author":[{"embeddable":true,"href":"https:\/\/www.europesays.com\/pt\/wp-json\/wp\/v2\/users\/2"}],"replies":[{"embeddable":true,"href":"https:\/\/www.europesays.com\/pt\/wp-json\/wp\/v2\/comments?post=17942"}],"version-history":[{"count":0,"href":"https:\/\/www.europesays.com\/pt\/wp-json\/wp\/v2\/posts\/17942\/revisions"}],"wp:featuredmedia":[{"embeddable":true,"href":"https:\/\/www.europesays.com\/pt\/wp-json\/wp\/v2\/media\/17943"}],"wp:attachment":[{"href":"https:\/\/www.europesays.com\/pt\/wp-json\/wp\/v2\/media?parent=17942"}],"wp:term":[{"taxonomy":"category","embeddable":true,"href":"https:\/\/www.europesays.com\/pt\/wp-json\/wp\/v2\/categories?post=17942"},{"taxonomy":"post_tag","embeddable":true,"href":"https:\/\/www.europesays.com\/pt\/wp-json\/wp\/v2\/tags?post=17942"}],"curies":[{"name":"wp","href":"https:\/\/api.w.org\/{rel}","templated":true}]}}