{"id":179423,"date":"2025-12-08T01:08:13","date_gmt":"2025-12-08T01:08:13","guid":{"rendered":"https:\/\/www.europesays.com\/pt\/179423\/"},"modified":"2025-12-08T01:08:13","modified_gmt":"2025-12-08T01:08:13","slug":"luiza-abreu-recebe-declaracao-de-amor-de-um-ex-concorrente-polemico-e-inesquecivel-secret-story","status":"publish","type":"post","link":"https:\/\/www.europesays.com\/pt\/179423\/","title":{"rendered":"Luiza Abreu recebe declara\u00e7\u00e3o de amor de um ex-concorrente pol\u00e9mico e inesquec\u00edvel &#8211; Secret Story"},"content":{"rendered":"<p style=\"margin-bottom:11px\">As amizades criadas dentro da casa do <strong>Big Brother Ver\u00e3o continuam a florescer fora do programa<\/strong>. <a href=\"https:\/\/tvi.iol.pt\/secretstory\/search?pagina=1&amp;pesquisa=luiza+abreu\" rel=\"nofollow noopener\" target=\"_blank\">Luiza Abreu <\/a>e <a href=\"https:\/\/tvi.iol.pt\/secretstory\/search?pagina=1&amp;pesquisa=andre+filipe\" rel=\"nofollow noopener\" target=\"_blank\">Andr\u00e9 Filipe<\/a> s\u00e3o prova disso. Na tarde do passado s\u00e1bado, dia 6 de dezembro, o ex-concorrente <strong>fez quest\u00e3o de celebrar essa liga\u00e7\u00e3o especial nas redes sociais. \u00a0<\/strong><\/p>\n<p>\u00ab<strong>Uma alma t\u00e3o bonita que conheci e que tive o privil\u00e9gio de ter uma longa conversa de evolu\u00e7\u00e3o<\/strong>&#8230; Duas almas de resili\u00eancia que se encontraram num programa de televis\u00e3o. Existem conversas e momentos que ficam para sempre guardados no cora\u00e7\u00e3o&#8230;\u00bb, come\u00e7ou por escrever <a href=\"https:\/\/tvi.iol.pt\/secretstory\/search?pagina=1&amp;pesquisa=andre+filipe\" rel=\"nofollow noopener\" target=\"_blank\">o ex-concorrente do Big Brother<\/a>.<\/p>\n<p>Apesar da r\u00e1pida passagem pelo programa, <strong>Andr\u00e9 Filipe revelou que a liga\u00e7\u00e3o criada com a amiga deixou marcas profundas<\/strong>: \u00abInfelizmente ficou muito por conversar. Mas como o filme da Alice no Pa\u00eds das Maravilhas nos ensina&#8230; Deixo aqui para descrever estes momentos nossos no programa. Quanto tempo dura o eterno? \u00c0s vezes s\u00f3 um segundo&#8230; Gratid\u00e3o alma bonita. Estamos juntos\u00bb, concluiu Andr\u00e9 Filipe.<\/p>\n<p><a href=\"https:\/\/tvi.iol.pt\/secretstory\/search?pagina=1&amp;pesquisa=luiza+abreu\" rel=\"nofollow noopener\" target=\"_blank\">Luiza Abreu<\/a> <strong>n\u00e3o tardou em reagir \u00e0 dedicat\u00f3ria<\/strong> e deixou o seu agradecimento na caixa de coment\u00e1rios: \u00abOooh meu amigo! Obrigada do fundo do cora\u00e7\u00e3o por cada palavra!\u00bb.<\/p>\n<blockquote class=\"instagram-media\" data-instgrm-captioned=\"\" data-instgrm-permalink=\"https:\/\/www.instagram.com\/p\/DR7dUGKjJ8H\/?utm_source=ig_embed&amp;utm_campaign=loading\" data-instgrm-version=\"14\" style=\" background:#FFF; border:0; border-radius:3px; box-shadow:0 0 1px 0 rgba(0,0,0,0.5),0 1px 10px 0 rgba(0,0,0,0.15); margin: 1px; max-width:540px; min-width:326px; padding:0; width:99.375%; width:-webkit-calc(100% - 2px); width:calc(100% - 2px);\">\n<\/blockquote>\n<p>\u00a0<\/p>\n<p>                        <script async src=\"\/\/www.instagram.com\/embed.js\"><\/script><\/p>\n","protected":false},"excerpt":{"rendered":"As amizades criadas dentro da casa do Big Brother Ver\u00e3o continuam a florescer fora do programa. Luiza Abreu&hellip;\n","protected":false},"author":2,"featured_media":179424,"comment_status":"","ping_status":"","sticky":false,"template":"","format":"standard","meta":{"footnotes":""},"categories":[142],"tags":[36898,18706,114,115,18705,841,32,33,151,18704],"class_list":{"0":"post-179423","1":"post","2":"type-post","3":"status-publish","4":"format-standard","5":"has-post-thumbnail","7":"category-tv","8":"tag-andre-filipe","9":"tag-bastidores-secret-story","10":"tag-entertainment","11":"tag-entretenimento","12":"tag-entrevistas-concorrentes-tvi","13":"tag-luiza-abreu","14":"tag-portugal","15":"tag-pt","16":"tag-tv","17":"tag-vida-fora-da-casa"},"share_on_mastodon":{"url":"https:\/\/pubeurope.com\/@pt\/115681276911761435","error":""},"_links":{"self":[{"href":"https:\/\/www.europesays.com\/pt\/wp-json\/wp\/v2\/posts\/179423","targetHints":{"allow":["GET"]}}],"collection":[{"href":"https:\/\/www.europesays.com\/pt\/wp-json\/wp\/v2\/posts"}],"about":[{"href":"https:\/\/www.europesays.com\/pt\/wp-json\/wp\/v2\/types\/post"}],"author":[{"embeddable":true,"href":"https:\/\/www.europesays.com\/pt\/wp-json\/wp\/v2\/users\/2"}],"replies":[{"embeddable":true,"href":"https:\/\/www.europesays.com\/pt\/wp-json\/wp\/v2\/comments?post=179423"}],"version-history":[{"count":0,"href":"https:\/\/www.europesays.com\/pt\/wp-json\/wp\/v2\/posts\/179423\/revisions"}],"wp:featuredmedia":[{"embeddable":true,"href":"https:\/\/www.europesays.com\/pt\/wp-json\/wp\/v2\/media\/179424"}],"wp:attachment":[{"href":"https:\/\/www.europesays.com\/pt\/wp-json\/wp\/v2\/media?parent=179423"}],"wp:term":[{"taxonomy":"category","embeddable":true,"href":"https:\/\/www.europesays.com\/pt\/wp-json\/wp\/v2\/categories?post=179423"},{"taxonomy":"post_tag","embeddable":true,"href":"https:\/\/www.europesays.com\/pt\/wp-json\/wp\/v2\/tags?post=179423"}],"curies":[{"name":"wp","href":"https:\/\/api.w.org\/{rel}","templated":true}]}}