{"id":179431,"date":"2025-12-08T01:14:23","date_gmt":"2025-12-08T01:14:23","guid":{"rendered":"https:\/\/www.europesays.com\/pt\/179431\/"},"modified":"2025-12-08T01:14:23","modified_gmt":"2025-12-08T01:14:23","slug":"cientistas-fizeram-musgo-crescer-no-exterior-da-iss-durante-meses-veja-o-que-aconteceu","status":"publish","type":"post","link":"https:\/\/www.europesays.com\/pt\/179431\/","title":{"rendered":"Cientistas fizeram musgo crescer no exterior da ISS durante meses&#8230; veja o que aconteceu"},"content":{"rendered":"<p>A sobreviv\u00eancia inesperada de esporos de musgo no exterior da Esta\u00e7\u00e3o Espacial Internacional est\u00e1 a redefinir o que sabemos sobre a resist\u00eancia da vida terrestre, abrindo novas possibilidades para futuras miss\u00f5es \u00e0 Lua e a Marte.<\/p>\n<p><a target=\"_blank\" href=\"https:\/\/pplware.sapo.pt\/wp-content\/uploads\/2025\/12\/musgo_iss00.webp\" rel=\"nofollow noopener\"><img fetchpriority=\"high\" decoding=\"async\" src=\"https:\/\/www.europesays.com\/pt\/wp-content\/uploads\/2025\/12\/musgo_iss00-720x404.webp.webp\" alt=\"Imagem da Esta\u00e7\u00e3o Espacial Internacional, a ISS\" width=\"720\" height=\"404\" class=\"aligncenter wp-image-1092255 size-medium\"  \/><\/a><\/p>\n<p>Vida para l\u00e1 da Terra?<\/p>\n<p>Investigadores montaram recentemente esporos de musgo no exterior da <a target=\"_blank\" href=\"https:\/\/pplware.sapo.pt\/tag\/estacao-espacial-internacional\/\" rel=\"nofollow noopener\">Esta\u00e7\u00e3o Espacial Internacional<\/a> durante a miss\u00e3o <a target=\"_blank\" href=\"https:\/\/en.wikipedia.org\/wiki\/Tanpopo_mission\" rel=\"nofollow noopener\">Tanpopo 4<\/a>, por 283 dias (cerca de nove meses).<\/p>\n<p>O objetivo era perceber se a vida terrestre poderia sobreviver \u00e0s duras condi\u00e7\u00f5es do espa\u00e7o, e a sobreviv\u00eancia de <a target=\"_blank\" href=\"https:\/\/www.cell.com\/iscience\/fulltext\/S2589-0042(25)02088-7\" rel=\"nofollow noopener\">Physcomitrium patens<\/a> sugere que sim.<\/p>\n<p><a target=\"_blank\" href=\"https:\/\/pplware.sapo.pt\/wp-content\/uploads\/2025\/12\/musgo_iss03.webp\" rel=\"nofollow noopener\"><img loading=\"lazy\" decoding=\"async\" aria-describedby=\"caption-attachment-1092256\" src=\"https:\/\/www.europesays.com\/pt\/wp-content\/uploads\/2025\/12\/musgo_iss03-720x404.webp.webp\" alt=\"\" width=\"720\" height=\"404\" class=\"size-medium wp-image-1092256\"  \/><\/a><\/p>\n<p id=\"caption-attachment-1092256\" class=\"wp-caption-text\">Esporos de musgo germinados s\u00e3o fotografados ap\u00f3s serem expostos \u00e0s condi\u00e7\u00f5es adversas do espa\u00e7o na parte externa da Esta\u00e7\u00e3o Espacial Internacional, onde sobreviveram por nove meses. Foto de Chang Hyun-Maeng e Maika Kobayashi\/Universidade de Hokkaido<\/p>\n<p>A muitos quil\u00f3metros do planeta, a vida pode prosperar<\/p>\n<p>O musgo passa por v\u00e1rias mudan\u00e7as ao longo do seu ciclo de vida, mas os investigadores escolheram especificamente musgo ainda encerrado nas suas estruturas de espor\u00f3fito, j\u00e1 que era nesta fase que mostrava maior resili\u00eancia.<\/p>\n<p>Estes <strong>esporos encapsulados eram at\u00e9 1.000 vezes mais resistentes \u00e0 radia\u00e7\u00e3o UV<\/strong> do que as c\u00e9lulas de cria\u00e7\u00e3o do pr\u00f3prio musgo.<\/p>\n<p>Em simula\u00e7\u00f5es laboratoriais, os esporos mantiveram uma taxa de germina\u00e7\u00e3o de 80 por cento ap\u00f3s 30 dias a -80 graus Celsius, e de 36 por cento ap\u00f3s 30 dias a 55 graus Celsius.<\/p>\n<p><a target=\"_blank\" href=\"https:\/\/pplware.sapo.pt\/wp-content\/uploads\/2025\/12\/musgo_iss01.webp\" rel=\"nofollow noopener\"><img loading=\"lazy\" decoding=\"async\" aria-describedby=\"caption-attachment-1092252\" src=\"https:\/\/www.europesays.com\/pt\/wp-content\/uploads\/2025\/12\/musgo_iss01-720x404.webp.webp\" alt=\"\" width=\"720\" height=\"404\" class=\"size-medium wp-image-1092252\"  \/><\/a><\/p>\n<p id=\"caption-attachment-1092252\" class=\"wp-caption-text\">Ap\u00f3s um per\u00edodo de nove meses fixados no exterior da ISS, os esporos de musgo apresentaram uma taxa de germina\u00e7\u00e3o de 86% (em compara\u00e7\u00e3o com 97% do musgo de controlo mantido na Terra). Estes resultados demonstraram a resili\u00eancia do musgo, que conseguiu lidar com as condi\u00e7\u00f5es mais extremas do espa\u00e7o.<\/p>\n<p>As camadas celulares exteriores do espor\u00f3fito funcionam como barreira protetora contra a desseca\u00e7\u00e3o, radia\u00e7\u00e3o e extremos de temperatura.<\/p>\n<p>Os musgos s\u00e3o conhecidos por estarem entre as primeiras plantas terrestres, mas abandonar um ambiente rico em \u00e1gua para vir para terra <strong>exige adapta\u00e7\u00e3o \u00e0 falta de \u00e1gua imediata<\/strong>.<\/p>\n<p>Esta adapta\u00e7\u00e3o revela a evolu\u00e7\u00e3o que ajudou os bri\u00f3fitos a colonizar ambientes terrestres.<\/p>\n<p>O pequeno musgo que podia<\/p>\n<p>Depois de nove meses preso ao exterior da ISS, os <strong>esporos de musgo apresentaram uma taxa de germina\u00e7\u00e3o de 86%<\/strong> (em compara\u00e7\u00e3o com 97% do musgo de controlo mantido na Terra).<\/p>\n<p>Estes resultados demonstraram a resili\u00eancia do musgo, capaz de lidar com as condi\u00e7\u00f5es mais extremas no espa\u00e7o.<\/p>\n<p><a target=\"_blank\" href=\"https:\/\/pplware.sapo.pt\/wp-content\/uploads\/2025\/12\/musgo_iss02.webp\" rel=\"nofollow noopener\"><img loading=\"lazy\" decoding=\"async\" aria-describedby=\"caption-attachment-1092254\" src=\"https:\/\/www.europesays.com\/pt\/wp-content\/uploads\/2025\/12\/musgo_iss02-720x404.webp.webp\" alt=\"\" width=\"720\" height=\"404\" class=\"size-medium wp-image-1092254\"  \/><\/a><\/p>\n<p id=\"caption-attachment-1092254\" class=\"wp-caption-text\">Dep\u00f3sitos de tonalidade clara perto de Ganges Chasma (Marte)<\/p>\n<p>Entre todos os fatores que poderiam danificar o musgo, os investigadores destacaram a <strong>radia\u00e7\u00e3o UV como a amea\u00e7a<\/strong> mais significativa. Surpreendentemente, os extremos de temperatura e o v\u00e1cuo do espa\u00e7o tiveram pouco efeito nas taxas de germina\u00e7\u00e3o. Contudo, <strong>a radia\u00e7\u00e3o UV causou uma quebra de 11%<\/strong> em compara\u00e7\u00e3o com as amostras de controlo.<\/p>\n<p>Todas as amostras, expostas a UV ou n\u00e3o, mostraram cerca de 20% de degrada\u00e7\u00e3o da clorofila.<\/p>\n<p>Mesmo as amostras protegidas com filtros UV revelaram degrada\u00e7\u00e3o semelhante, sugerindo que a culpa \u00e9 da intensa luz vis\u00edvel e infravermelha do espa\u00e7o (n\u00e3o filtrada por atmosfera alguma).<\/p>\n<p>As conclus\u00f5es evidenciam o qu\u00e3o foto-sens\u00edveis estas plantas s\u00e3o em ambientes n\u00e3o terrestres. Al\u00e9m disso, esta experi\u00eancia marca a primeira confirma\u00e7\u00e3o cient\u00edfica de sobreviv\u00eancia de bri\u00f3fitos ap\u00f3s exposi\u00e7\u00e3o real ao espa\u00e7o e regresso \u00e0 Terra.<\/p>\n<p><a target=\"_blank\" href=\"https:\/\/pplware.sapo.pt\/wp-content\/uploads\/2023\/04\/estacao_espacial_internacional_com_russia.jpg\" onclick=\"refreshIframe()\" class=\"foobox\" rel=\"nofollow noopener\"><img loading=\"lazy\" decoding=\"async\" src=\"https:\/\/www.europesays.com\/pt\/wp-content\/uploads\/2025\/12\/estacao_espacial_internacional_com_russia-720x405.jpg\" alt=\"\" width=\"720\" height=\"405\" class=\"aligncenter size-medium wp-image-919140\"  \/><\/a><\/p>\n<p>A agricultura espacial pode ser poss\u00edvel<\/p>\n<p>Recorrendo \u00e0 janela temporal de nove meses e extrapolando, os investigadores desenvolveram um modelo que sugere que o musgo poderia sobreviver cerca de 5.600 dias no espa\u00e7o, embora o modelo tenha falhas.<\/p>\n<p>Baseia-se apenas em dois pontos de dados (pr\u00e9-exposi\u00e7\u00e3o e p\u00f3s-exposi\u00e7\u00e3o de nove meses), o que significa que ser\u00e3o necess\u00e1rias muitas mais investiga\u00e7\u00f5es para obter uma estimativa realista.<\/p>\n<p>As descobertas t\u00eam implica\u00e7\u00f5es pr\u00e1ticas para potenciais miss\u00f5es \u00e0 Lua e a Marte. Os musgos s\u00e3o esp\u00e9cies pioneiras, ou seja, organismos iniciais que ajudam a desenvolver o solo para formas de vida mais complexas, tal como o musgo de turfa faz na Terra.<\/p>\n<p>Cientistas t\u00eam destacado bri\u00f3fitos como estes como bons candidatos para sistemas de suporte de vida bio-regenerativos em esta\u00e7\u00f5es espaciais ou bases planet\u00e1rias.<\/p>\n<p><a target=\"_blank\" href=\"https:\/\/pplware.sapo.pt\/wp-content\/uploads\/2025\/12\/musgo_iss04.webp\" rel=\"nofollow noopener\"><img loading=\"lazy\" decoding=\"async\" src=\"https:\/\/www.europesays.com\/pt\/wp-content\/uploads\/2025\/12\/musgo_iss04-720x404.webp.webp\" alt=\"\" width=\"720\" height=\"404\" class=\"aligncenter size-medium wp-image-1092257\"  \/><\/a><\/p>\n<p>Musgo poder\u00e1 produzir oxig\u00e9nio fora da Terra?<\/p>\n<p>Os musgos oferecem in\u00fameras vantagens face a culturas tradicionais ou plantas simples como as algas. A sua capacidade de sobreviver e at\u00e9 prosperar em ambientes de pouca luz torna-os ideais para esta\u00e7\u00f5es ou col\u00f3nias situadas longe do sol.<\/p>\n<p>A sua <strong>capacidade de produzir oxig\u00e9nio enquanto fixam di\u00f3xido de carbono<\/strong> resolve, em simult\u00e2neo, duas preocupa\u00e7\u00f5es ambientais.<\/p>\n","protected":false},"excerpt":{"rendered":"A sobreviv\u00eancia inesperada de esporos de musgo no exterior da Esta\u00e7\u00e3o Espacial Internacional est\u00e1 a redefinir o que&hellip;\n","protected":false},"author":2,"featured_media":179432,"comment_status":"","ping_status":"","sticky":false,"template":"","format":"standard","meta":{"footnotes":""},"categories":[84],"tags":[109,107,108,5398,8117,34180,32,33,105,103,104,106,110],"class_list":{"0":"post-179431","1":"post","2":"type-post","3":"status-publish","4":"format-standard","5":"has-post-thumbnail","7":"category-ciencia-e-tecnologia","8":"tag-ciencia","9":"tag-ciencia-e-tecnologia","10":"tag-cienciaetecnologia","11":"tag-estacao-espacial-internacional","12":"tag-iss","13":"tag-musgo","14":"tag-portugal","15":"tag-pt","16":"tag-science","17":"tag-science-and-technology","18":"tag-scienceandtechnology","19":"tag-technology","20":"tag-tecnologia"},"share_on_mastodon":{"url":"https:\/\/pubeurope.com\/@pt\/115681300810351572","error":""},"_links":{"self":[{"href":"https:\/\/www.europesays.com\/pt\/wp-json\/wp\/v2\/posts\/179431","targetHints":{"allow":["GET"]}}],"collection":[{"href":"https:\/\/www.europesays.com\/pt\/wp-json\/wp\/v2\/posts"}],"about":[{"href":"https:\/\/www.europesays.com\/pt\/wp-json\/wp\/v2\/types\/post"}],"author":[{"embeddable":true,"href":"https:\/\/www.europesays.com\/pt\/wp-json\/wp\/v2\/users\/2"}],"replies":[{"embeddable":true,"href":"https:\/\/www.europesays.com\/pt\/wp-json\/wp\/v2\/comments?post=179431"}],"version-history":[{"count":0,"href":"https:\/\/www.europesays.com\/pt\/wp-json\/wp\/v2\/posts\/179431\/revisions"}],"wp:featuredmedia":[{"embeddable":true,"href":"https:\/\/www.europesays.com\/pt\/wp-json\/wp\/v2\/media\/179432"}],"wp:attachment":[{"href":"https:\/\/www.europesays.com\/pt\/wp-json\/wp\/v2\/media?parent=179431"}],"wp:term":[{"taxonomy":"category","embeddable":true,"href":"https:\/\/www.europesays.com\/pt\/wp-json\/wp\/v2\/categories?post=179431"},{"taxonomy":"post_tag","embeddable":true,"href":"https:\/\/www.europesays.com\/pt\/wp-json\/wp\/v2\/tags?post=179431"}],"curies":[{"name":"wp","href":"https:\/\/api.w.org\/{rel}","templated":true}]}}