{"id":179433,"date":"2025-12-08T01:18:32","date_gmt":"2025-12-08T01:18:32","guid":{"rendered":"https:\/\/www.europesays.com\/pt\/179433\/"},"modified":"2025-12-08T01:18:32","modified_gmt":"2025-12-08T01:18:32","slug":"decisao-de-servicos-minimos-para-greve-de-11-de-dezembro-de-2025-na-ip-infraestruturas-de-portugal-s-a-ip-telecom-s-a-e-cp","status":"publish","type":"post","link":"https:\/\/www.europesays.com\/pt\/179433\/","title":{"rendered":"Decis\u00e3o de servi\u00e7os m\u00ednimos para GREVE de 11 de dezembro de 2025 na IP Infraestruturas de Portugal, S.A- IP Telecom S.A e CP"},"content":{"rendered":"<p>                            <img loading=\"lazy\" width=\"1920\" height=\"1080\" src=\"https:\/\/www.europesays.com\/pt\/wp-content\/uploads\/2025\/12\/Arbitragem-3.png\" class=\"attachment-full size-full wp-post-image\" alt=\"\" decoding=\"async\"  \/>                        <\/p>\n<p>                    Decis\u00e3o de servi\u00e7os m\u00ednimos para GREVE de 11 de dezembro de 2025 na IP Infraestruturas de Portugal, S.A- IP Telecom S.A e CP                <\/p>\n<p>Ap\u00f3s constitui\u00e7\u00e3o do Tribunal Arbitral foi proferida Decis\u00e3o a\u00a0 5 de dezembro de 2025:<\/p>\n<p><strong>DECIS\u00c3O<\/strong><\/p>\n<p>Pelo exposto, o Tribunal Arbitral decidiu, por maioria, definir os servi\u00e7os m\u00ednimos a cumprir na paralisa\u00e7\u00e3o declarada para o dia 11 de dezembro de 2025, nos termos seguintes:<\/p>\n<p style=\"padding-left: 40px;\"><strong>I \u2013<\/strong> Todas as composi\u00e7\u00f5es que hajam iniciado a marcha devem ser conduzidas ao respetivo destino e estacionadas em condi\u00e7\u00f5es normais de seguran\u00e7a.<br \/><strong>II \u2013<\/strong> Todos os comboios que transportem subst\u00e2ncias ou mat\u00e9rias perigosas (em carga ou em vazio) devem ser conduzidos ao seu destino.<br \/><strong>III \u2013<\/strong> \u00c9 assegurado o comboio de socorro, sempre que necess\u00e1rio.<br \/><strong>IV \u2013<\/strong> Os servi\u00e7os m\u00ednimos a prestar na CP no dia 11 de dezembro de 2025, bem como no diaimediatamente antecedente e subsequente, s\u00e3o os identificados na proposta de servi\u00e7os m\u00ednimos apresentada pela Empresa, anexa ao presente ac\u00f3rd\u00e3o e dele fazendo parte integrante,com exce\u00e7\u00e3o dos seguintes, previstos para o dia 11 de dezembro de 2025:<\/p>\n<p style=\"padding-left: 40px;\"><strong>Longo Curso:<\/strong> n.\u00bas 133, 134, 523;<br \/><strong>Regional<\/strong>: n.\u00bas 850, 932, 3307, 4406, 4427, 4429, 4506, 4514, 4627, 4652, 5700, 5707, 5712, 5717, 5906;<br \/><strong>Urbanos de Lisboa:<\/strong> n.\u00bas 16016, 16017, 16031, 16036, 16418, 16438, 16448, 16522, 16542, 16552, 17225, 17228, 17249, 17252, 18250, 18282, 18322, 18456, 18488, 18520, 18692, 18837, 18844, 18887, 18900, 19040, 19045, 19063, 19070, 19228, 19234, 19614, 19619;<br \/><strong>Urbanos do Porto<\/strong>: n.\u00bas 15156, 15171, 15208, 15237, 15240, 15241, 15505, 15510, 15539, 15544, 15613, 15641, 15711, 15743, 15910;<br \/><strong>Urbanos de Coimbra:<\/strong> n.\u00bas 16807, 16828.<\/p>\n<p style=\"padding-left: 40px;\"><strong>V \u2013<\/strong> Os servi\u00e7os m\u00ednimos a prestar pela IP no dia 11 de dezembro de 2025, bem como no diaimediatamente antecedente e subsequente, s\u00e3o os necess\u00e1rios a permitir o cumprimento dos servi\u00e7os m\u00ednimos decretados para a CP, a que acrescem os identificados na proposta de servi\u00e7osm\u00ednimos apresentada pela Empresa relativa \u00e0 circula\u00e7\u00e3o assegurada pela Fertagus e pela Medway, anexa ao presente ac\u00f3rd\u00e3o e dele fazendo parte integrante, com exce\u00e7\u00e3o dos<br \/>seguintes:<br \/><strong>Fertagus<\/strong>: n.\u00bas 14200, 14000, 14014, 14274, 14215, 14263, 14293;<br \/><strong>Medway<\/strong>: mat\u00e9rias perigosas \u2013 amon\u00edaco.<\/p>\n<p style=\"padding-left: 40px;\"><strong>VI \u2013<\/strong> Os servi\u00e7os m\u00ednimos incluem os necess\u00e1rios ao fecho da rota\u00e7\u00e3o do material motor e manobras.<br \/><strong>VII \u2013<\/strong> Adicionalmente, na IP, s\u00e3o fixados servi\u00e7os m\u00ednimos correspondentes a um profissional do centrode controlo de tr\u00e1fego afeto \u00e0 vigil\u00e2ncia de t\u00faneis, por cada um dos quatro turnos abrangidos pela greve, bem como a um operador de manobra do Terminal de Mercadorias da Bobadela.<br \/><strong>VIII \u2013<\/strong> S\u00e3o fixados os servi\u00e7os m\u00ednimos necess\u00e1rios a assegurar a continuidade da supervis\u00e3o e manuten\u00e7\u00e3o corretiva de rede nacional de telecomunica\u00e7\u00f5es, correspondentes a 12 trabalhadores, distribu\u00eddos por dois de Field Services Norte, dois de Field Services Sul, dois da Unidade de Engenharia, O&amp;M de Servi\u00e7os de Telecomunica\u00e7\u00f5es, dois da Unidade de O&amp;M Cloud e quatro da Unidade Network &amp; Securities Operations Center.<\/p>\n<p style=\"padding-left: 40px;\"><strong>IX \u2013<\/strong> As Empresas devem assegurar as condi\u00e7\u00f5es necess\u00e1rias \u00e0 concretiza\u00e7\u00e3o dos servi\u00e7os m\u00ednimos definidos nesta decis\u00e3o.<br \/><strong>X \u2013<\/strong> Em cumprimento do disposto no n.\u00ba 7 do artigo 538.\u00ba do C\u00f3digo do Trabalho, os representantes das associa\u00e7\u00f5es sindicais devem designar os trabalhadores necess\u00e1rios para assegurar os servi\u00e7os m\u00ednimos ora definidos at\u00e9 24 horas antes do in\u00edcio do per\u00edodo de greve.<br \/><strong>XI \u2013<\/strong> Em caso de incumprimento do dever previsto no n\u00famero anterior, devem os empregadores proceder \u00e0quela designa\u00e7\u00e3o.<br \/><strong>XII \u2013<\/strong> O recurso ao trabalho dos aderentes \u00e0 greve s\u00f3 \u00e9 l\u00edcito se os servi\u00e7os m\u00ednimos n\u00e3o puderem ser assegurados por trabalhadores n\u00e3o aderentes nas condi\u00e7\u00f5es normais da sua presta\u00e7\u00e3o de trabalho.<\/p>\n<p>Lisboa, 05\/12\/2025<\/p>\n<p><a href=\"https:\/\/ces.pt\/wp-content\/uploads\/2025\/12\/Decisao_Proc_31_2025.pdf\" rel=\"nofollow noopener\" target=\"_blank\">Ac\u00f3rd\u00e3o 31_36_37_38\/2025<\/a><\/p>\n","protected":false},"excerpt":{"rendered":"Decis\u00e3o de servi\u00e7os m\u00ednimos para GREVE de 11 de dezembro de 2025 na IP Infraestruturas de Portugal, S.A-&hellip;\n","protected":false},"author":2,"featured_media":177947,"comment_status":"","ping_status":"","sticky":false,"template":"","format":"standard","meta":{"footnotes":""},"categories":[8],"tags":[27,28,15,16,14,25,26,21,22,12,13,19,20,32,23,24,33,17,18,29,30,31],"class_list":{"0":"post-179433","1":"post","2":"type-post","3":"status-publish","4":"format-standard","5":"has-post-thumbnail","7":"category-principais-noticias","8":"tag-breaking-news","9":"tag-breakingnews","10":"tag-featured-news","11":"tag-featurednews","12":"tag-headlines","13":"tag-latest-news","14":"tag-latestnews","15":"tag-main-news","16":"tag-mainnews","17":"tag-news","18":"tag-noticias","19":"tag-noticias-principais","20":"tag-noticiasprincipais","21":"tag-portugal","22":"tag-principais-noticias","23":"tag-principaisnoticias","24":"tag-pt","25":"tag-top-stories","26":"tag-topstories","27":"tag-ultimas","28":"tag-ultimas-noticias","29":"tag-ultimasnoticias"},"share_on_mastodon":{"url":"https:\/\/pubeurope.com\/@pt\/115681316626735136","error":""},"_links":{"self":[{"href":"https:\/\/www.europesays.com\/pt\/wp-json\/wp\/v2\/posts\/179433","targetHints":{"allow":["GET"]}}],"collection":[{"href":"https:\/\/www.europesays.com\/pt\/wp-json\/wp\/v2\/posts"}],"about":[{"href":"https:\/\/www.europesays.com\/pt\/wp-json\/wp\/v2\/types\/post"}],"author":[{"embeddable":true,"href":"https:\/\/www.europesays.com\/pt\/wp-json\/wp\/v2\/users\/2"}],"replies":[{"embeddable":true,"href":"https:\/\/www.europesays.com\/pt\/wp-json\/wp\/v2\/comments?post=179433"}],"version-history":[{"count":0,"href":"https:\/\/www.europesays.com\/pt\/wp-json\/wp\/v2\/posts\/179433\/revisions"}],"wp:featuredmedia":[{"embeddable":true,"href":"https:\/\/www.europesays.com\/pt\/wp-json\/wp\/v2\/media\/177947"}],"wp:attachment":[{"href":"https:\/\/www.europesays.com\/pt\/wp-json\/wp\/v2\/media?parent=179433"}],"wp:term":[{"taxonomy":"category","embeddable":true,"href":"https:\/\/www.europesays.com\/pt\/wp-json\/wp\/v2\/categories?post=179433"},{"taxonomy":"post_tag","embeddable":true,"href":"https:\/\/www.europesays.com\/pt\/wp-json\/wp\/v2\/tags?post=179433"}],"curies":[{"name":"wp","href":"https:\/\/api.w.org\/{rel}","templated":true}]}}