{"id":179436,"date":"2025-12-08T01:22:39","date_gmt":"2025-12-08T01:22:39","guid":{"rendered":"https:\/\/www.europesays.com\/pt\/179436\/"},"modified":"2025-12-08T01:22:39","modified_gmt":"2025-12-08T01:22:39","slug":"secret-story-sondagem-hiper-fm-revela-quem-vai-ser-expulso-este-domingo-7","status":"publish","type":"post","link":"https:\/\/www.europesays.com\/pt\/179436\/","title":{"rendered":"Secret Story. Sondagem Hiper Fm revela quem vai ser expulso este domingo, 7"},"content":{"rendered":"<p>As portas da casa do Secret Story v\u00e3o abrir-se para a d\u00e9cima segunda expuls\u00e3o na gala deste domingo, dia 7 de dezembro. A vota\u00e7\u00e3o \u00e9 para salvar e os quatro concorrentes que est\u00e3o em risco de abandonar o\u00a0reality show\u00a0da TVI s\u00e3o Bruna, Liliana, Marisa e Pedro.<\/p>\n<p>A sondagem\u00a0<strong>Hiper Fm<\/strong>\u00a0encontra-se encerrada e determina quem vai ser expulso e quem vai ser salvo em primeiro, segundo e terceiro lugar na gala.<\/p>\n<p>Pedro (46,6%) \u00e9 o concorrente mais votado e dever\u00e1 ser salvo em primeiro lugar. Segue-se Marisa (23,8%).<\/p>\n<p>No \u2018duelo final\u2019, fica livre de perigo Bruna (15,5%) e<strong> Liliana (14,1%) obt\u00e9m a menor percentagem para ser a d\u00e9cima segunda expulsa\u00a0<\/strong>do\u00a0reality show\u00a0da TVI.<\/p>\n<p><strong>Veja em baixo o resultado da sondagem Hiper Fm:<\/strong><\/p>\n<p><img loading=\"lazy\" decoding=\"async\" class=\"alignnone wp-image-656071 size-full\" src=\"data:image\/svg+xml,%3Csvg%20xmlns=\" http:=\"\" alt=\"\" width=\"541\" height=\"298\" data-lazy- data-lazy- data-lazy-src=\"https:\/\/www.europesays.com\/pt\/wp-content\/uploads\/2025\/12\/sondagem12.jpg\"\/><\/p>\n","protected":false},"excerpt":{"rendered":"As portas da casa do Secret Story v\u00e3o abrir-se para a d\u00e9cima segunda expuls\u00e3o na gala deste domingo,&hellip;\n","protected":false},"author":2,"featured_media":179437,"comment_status":"","ping_status":"","sticky":false,"template":"","format":"standard","meta":{"footnotes":""},"categories":[142],"tags":[1661,114,115,332,32,33,17132,1315,16686,4862,151],"class_list":{"0":"post-179436","1":"post","2":"type-post","3":"status-publish","4":"format-standard","5":"has-post-thumbnail","7":"category-tv","8":"tag-destaque","9":"tag-entertainment","10":"tag-entretenimento","11":"tag-expulso","12":"tag-portugal","13":"tag-pt","14":"tag-revela","15":"tag-secret-story","16":"tag-secret-story-9","17":"tag-sondagem","18":"tag-tv"},"share_on_mastodon":{"url":"https:\/\/pubeurope.com\/@pt\/115681331974884367","error":""},"_links":{"self":[{"href":"https:\/\/www.europesays.com\/pt\/wp-json\/wp\/v2\/posts\/179436","targetHints":{"allow":["GET"]}}],"collection":[{"href":"https:\/\/www.europesays.com\/pt\/wp-json\/wp\/v2\/posts"}],"about":[{"href":"https:\/\/www.europesays.com\/pt\/wp-json\/wp\/v2\/types\/post"}],"author":[{"embeddable":true,"href":"https:\/\/www.europesays.com\/pt\/wp-json\/wp\/v2\/users\/2"}],"replies":[{"embeddable":true,"href":"https:\/\/www.europesays.com\/pt\/wp-json\/wp\/v2\/comments?post=179436"}],"version-history":[{"count":0,"href":"https:\/\/www.europesays.com\/pt\/wp-json\/wp\/v2\/posts\/179436\/revisions"}],"wp:featuredmedia":[{"embeddable":true,"href":"https:\/\/www.europesays.com\/pt\/wp-json\/wp\/v2\/media\/179437"}],"wp:attachment":[{"href":"https:\/\/www.europesays.com\/pt\/wp-json\/wp\/v2\/media?parent=179436"}],"wp:term":[{"taxonomy":"category","embeddable":true,"href":"https:\/\/www.europesays.com\/pt\/wp-json\/wp\/v2\/categories?post=179436"},{"taxonomy":"post_tag","embeddable":true,"href":"https:\/\/www.europesays.com\/pt\/wp-json\/wp\/v2\/tags?post=179436"}],"curies":[{"name":"wp","href":"https:\/\/api.w.org\/{rel}","templated":true}]}}