{"id":17944,"date":"2025-08-06T04:27:07","date_gmt":"2025-08-06T04:27:07","guid":{"rendered":"https:\/\/www.europesays.com\/pt\/17944\/"},"modified":"2025-08-06T04:27:07","modified_gmt":"2025-08-06T04:27:07","slug":"campinas-confirma-mais-quatro-mortes-causadas-pela-gripe","status":"publish","type":"post","link":"https:\/\/www.europesays.com\/pt\/17944\/","title":{"rendered":"Campinas confirma mais quatro mortes causadas pela gripe"},"content":{"rendered":"<p>A Secretaria de Sa\u00fade de Campinas confirmou nesta ter\u00e7a-feira mais quatro mortes por S\u00edndrome Respirat\u00f3ria Aguda Grave provocada pelo v\u00edrus influenza, causador da gripe. Dois homens e duas mulheres, com idade entre 57 e 90 anos, tinham hist\u00f3rico de e dois n\u00e3o estavam vacinados contra a doen\u00e7a. Os \u00f3bitos aconteceram entre 20 de junho e 18 de julho.\u00a0\u00a0<\/p>\n<p>O munic\u00edpio contabiliza 326 casos e 43 mortes por gripe desde o in\u00edcio do ano. Durante todo 2024, Campinas teve 342 pessoas com a s\u00edndrome e 30 mortes pela doen\u00e7a. Segundo a Secretaria, dos 43 \u00f3bitos, 34 foram de pessoas que n\u00e3o receberam a vacina, que est\u00e1 dispon\u00edvel para todos os moradores a partir de 6 meses de idade.\u00a0\u00a0<\/p>\n<p>Entre as nove v\u00edtimas da gripe que receberam o imunizante, somente cinco estavam adequadamente imunizados. A vacina leva 15 dias para garantir a prote\u00e7\u00e3o ideal e quatro pessoas apresentaram os sintomas da doen\u00e7a antes deste per\u00edodo. De todos os 43 que morreram pela doen\u00e7a, apenas um tinha comorbidades.\u00a0<\/p>\n<p>A meta da Sa\u00fade \u00e9 imunizar 90% de cada um dos tr\u00eas grupos que fazem parte do Calend\u00e1rio Nacional de Vacina\u00e7\u00e3o, de crian\u00e7as, idosos e gestantes, mas nenhum deles chegou pr\u00f3ximo desse \u00edndice.\u00a0<\/p>\n","protected":false},"excerpt":{"rendered":"A Secretaria de Sa\u00fade de Campinas confirmou nesta ter\u00e7a-feira mais quatro mortes por S\u00edndrome Respirat\u00f3ria Aguda Grave provocada&hellip;\n","protected":false},"author":2,"featured_media":17945,"comment_status":"","ping_status":"","sticky":false,"template":"","format":"standard","meta":{"footnotes":""},"categories":[86],"tags":[1259,1418,116,32,33,117],"class_list":{"0":"post-17944","1":"post","2":"type-post","3":"status-publish","4":"format-standard","5":"has-post-thumbnail","7":"category-saude","8":"tag-campinas","9":"tag-gripe","10":"tag-health","11":"tag-portugal","12":"tag-pt","13":"tag-saude"},"share_on_mastodon":{"url":"","error":""},"_links":{"self":[{"href":"https:\/\/www.europesays.com\/pt\/wp-json\/wp\/v2\/posts\/17944","targetHints":{"allow":["GET"]}}],"collection":[{"href":"https:\/\/www.europesays.com\/pt\/wp-json\/wp\/v2\/posts"}],"about":[{"href":"https:\/\/www.europesays.com\/pt\/wp-json\/wp\/v2\/types\/post"}],"author":[{"embeddable":true,"href":"https:\/\/www.europesays.com\/pt\/wp-json\/wp\/v2\/users\/2"}],"replies":[{"embeddable":true,"href":"https:\/\/www.europesays.com\/pt\/wp-json\/wp\/v2\/comments?post=17944"}],"version-history":[{"count":0,"href":"https:\/\/www.europesays.com\/pt\/wp-json\/wp\/v2\/posts\/17944\/revisions"}],"wp:featuredmedia":[{"embeddable":true,"href":"https:\/\/www.europesays.com\/pt\/wp-json\/wp\/v2\/media\/17945"}],"wp:attachment":[{"href":"https:\/\/www.europesays.com\/pt\/wp-json\/wp\/v2\/media?parent=17944"}],"wp:term":[{"taxonomy":"category","embeddable":true,"href":"https:\/\/www.europesays.com\/pt\/wp-json\/wp\/v2\/categories?post=17944"},{"taxonomy":"post_tag","embeddable":true,"href":"https:\/\/www.europesays.com\/pt\/wp-json\/wp\/v2\/tags?post=17944"}],"curies":[{"name":"wp","href":"https:\/\/api.w.org\/{rel}","templated":true}]}}