{"id":179440,"date":"2025-12-08T01:25:21","date_gmt":"2025-12-08T01:25:21","guid":{"rendered":"https:\/\/www.europesays.com\/pt\/179440\/"},"modified":"2025-12-08T01:25:21","modified_gmt":"2025-12-08T01:25:21","slug":"avs-x-rio-ave-ao-minuto-maisfutebol","status":"publish","type":"post","link":"https:\/\/www.europesays.com\/pt\/179440\/","title":{"rendered":"AVS X Rio Ave &#8211; AO MINUTO &#8211; Maisfutebol"},"content":{"rendered":"<ol>\n<li><a href=\"https:\/\/news.google.com\/rss\/articles\/CBMibkFVX3lxTE96RVM5R2ZxM25TV2M1S1BINVd5UXhZNU9jd09rQnRJXzItakduMW1naWRTV3ZLOEVMUVVkMnBwaVBtNGtWeFg4NFRvRk5Qc3M0bUhnaFFUdDU5Y010LVFiNEJBeVFwNUJ5MXlhS3BB?oc=5\" target=\"_blank\" rel=\"nofollow noopener\">AVS X Rio Ave &#8211; AO MINUTO<\/a>&nbsp;&nbsp;Maisfutebol<\/li>\n<li><a href=\"https:\/\/news.google.com\/rss\/articles\/CBMickFVX3lxTE4wWTktdkVDbnUta3ZsSVJkcmU2WXdCekVQczFaQUtaWVBmZVNMV0d4YzdUSHlVYlFLSG5ZNmVGLXB1elhCbGJLbzl2cTJtLU9WYUozNUhCS3ZnN21MTVp3aTM0dlgzNVhfRHZCN1ZEMnNkUQ?oc=5\" target=\"_blank\" rel=\"nofollow noopener\">I Liga. AFS-Rio Ave<\/a>&nbsp;&nbsp;RTP<\/li>\n<li><a href=\"https:\/\/news.google.com\/rss\/articles\/CBMiqwFBVV95cUxORWdWWEJoOENYVDl0SWtkMXBNSlNEQmUyWHFSQ2UwVGRfSEZoR2tXUTAxczNVajN0bnlTbDd1eHROcjZrX3R5V0V5NnJNbzdVaEtubVpDYWxVVGpqSkIzMWNtWWlvVXQ3bXBrQ2I2bWpjbDJ6QlU4RjJMeTZjcXBmZG96NzFlSmNrUW5TN0pYdndUZlpCZWFXQTRGaFBJUW55MDRmaGpQNlItYUk?oc=5\" target=\"_blank\" rel=\"nofollow noopener\">Clayton cola-se a Pavlidis no topo da lista de goleadores<\/a>&nbsp;&nbsp;A Bola<\/li>\n<li><a href=\"https:\/\/news.google.com\/rss\/articles\/CBMizAFBVV95cUxOQXVBem91YjY2T29lUW1ScUZQb3l5MzNGLVNWX3N6NmxKT3Z5SlFKanNYSEdiZU9YNHVuYVlVZm1LR0VMcU8tU0ZoeHdId191TnRtQ05EVEpJbUpBSlNrazVfd3lZaDMzcW1fM251TUtxdUhocTNEVVVXaU1KUzA0czNlVE9VTmJWVjRPQlRWYlVhLU9VVkNNMTdOMDVjbnpYZ0h5dnQ2UkxTTUJiWGFtWl9wTkF2R0s2VlRBaE82MkdhNXVRRDNFUHhodU0?oc=5\" target=\"_blank\" rel=\"nofollow noopener\">Jo\u00e3o Pedro Sousa: \u00abGostava de encontrar palavras para tentar anim\u00e1-los, mas n\u00e3o \u00e9 f\u00e1cil\u00bb<\/a>&nbsp;&nbsp;SAPO<\/li>\n<li><a href=\"https:\/\/news.google.com\/rss\/articles\/CBMiyAFBVV95cUxNUGtTLWMzQUV3RkF3OENQdUdKQ0dQRmNtZ1FEbTBObWxkVGRxMXYtNDVHVzlwbFhNVURtLVBxRHVFLV9lNEJBM2pIaXdlT250eU9jb19zZ2ZYNzdnX2FlbXRpWWR0SVlOMHNaRXJ3dm5DX0ZkUzcyRkRuNnZ5NGREYXd1SDZaaV8xZ0RqVVltbGI5OEp5eHlfenlDSWtYaFBVS3lZMng0emk0emdYX0djTmhkcVBHZ1Y3bHdPZXBMdnBLUWRjcUxKOdIBugFBVV95cUxPeEFCU1IzdDcwd2xMLVl0S1VPNTFBZ2tES2IxdkdTRy16OTZPVFl1X1V1Sk1jaXdKNWdLTVNETTV6bm10RHJadzVDU204NHZJSUo1NlA2VHdWbFJGeW1kQVpmc2pYLXZBVGdCY3p0Vmh2WFJRU2UwVnI1LXpLS2tYbHUxRmdpbnRiTFAtQ180cGhMd3FmZk5sOVFlMF9JS0ljUUJyN19yaFdMM2ZnczFSX29xc19PMHhKbkE?oc=5\" target=\"_blank\" rel=\"nofollow noopener\">&#8220;Muito satisfeitos, depois de v\u00e1rios jogos em que fomos melhores do que os advers\u00e1rios&#8221;<\/a>&nbsp;&nbsp;O Jogo<\/li>\n<\/ol>\n","protected":false},"excerpt":{"rendered":"AVS X Rio Ave &#8211; AO MINUTO&nbsp;&nbsp;Maisfutebol I Liga. AFS-Rio Ave&nbsp;&nbsp;RTP Clayton cola-se a Pavlidis no topo da&hellip;\n","protected":false},"author":2,"featured_media":52081,"comment_status":"","ping_status":"","sticky":false,"template":"","format":"standard","meta":{"footnotes":""},"categories":[87],"tags":[10126,135,32,479,10127,33,47,9819,134],"class_list":{"0":"post-179440","1":"post","2":"type-post","3":"status-publish","4":"format-standard","5":"has-post-thumbnail","7":"category-desporto","8":"tag-avs","9":"tag-desporto","10":"tag-portugal","11":"tag-primeira-liga","12":"tag-primeira-liga-2025-2026","13":"tag-pt","14":"tag-pura-paixao","15":"tag-rio-ave","16":"tag-sports"},"share_on_mastodon":{"url":"https:\/\/pubeurope.com\/@pt\/115681343802960352","error":""},"_links":{"self":[{"href":"https:\/\/www.europesays.com\/pt\/wp-json\/wp\/v2\/posts\/179440","targetHints":{"allow":["GET"]}}],"collection":[{"href":"https:\/\/www.europesays.com\/pt\/wp-json\/wp\/v2\/posts"}],"about":[{"href":"https:\/\/www.europesays.com\/pt\/wp-json\/wp\/v2\/types\/post"}],"author":[{"embeddable":true,"href":"https:\/\/www.europesays.com\/pt\/wp-json\/wp\/v2\/users\/2"}],"replies":[{"embeddable":true,"href":"https:\/\/www.europesays.com\/pt\/wp-json\/wp\/v2\/comments?post=179440"}],"version-history":[{"count":0,"href":"https:\/\/www.europesays.com\/pt\/wp-json\/wp\/v2\/posts\/179440\/revisions"}],"wp:featuredmedia":[{"embeddable":true,"href":"https:\/\/www.europesays.com\/pt\/wp-json\/wp\/v2\/media\/52081"}],"wp:attachment":[{"href":"https:\/\/www.europesays.com\/pt\/wp-json\/wp\/v2\/media?parent=179440"}],"wp:term":[{"taxonomy":"category","embeddable":true,"href":"https:\/\/www.europesays.com\/pt\/wp-json\/wp\/v2\/categories?post=179440"},{"taxonomy":"post_tag","embeddable":true,"href":"https:\/\/www.europesays.com\/pt\/wp-json\/wp\/v2\/tags?post=179440"}],"curies":[{"name":"wp","href":"https:\/\/api.w.org\/{rel}","templated":true}]}}