{"id":179441,"date":"2025-12-08T01:26:08","date_gmt":"2025-12-08T01:26:08","guid":{"rendered":"https:\/\/www.europesays.com\/pt\/179441\/"},"modified":"2025-12-08T01:26:08","modified_gmt":"2025-12-08T01:26:08","slug":"prefeitura-municipal-de-macae-22","status":"publish","type":"post","link":"https:\/\/www.europesays.com\/pt\/179441\/","title":{"rendered":"Prefeitura Municipal de Maca\u00e9"},"content":{"rendered":"<p>\n                A Prefeitura de Maca\u00e9, por meio da Ger\u00eancia de Vigil\u00e2ncia Ambiental da Secretaria de Sa\u00fade, continua nesta semana a s\u00e9rie de a\u00e7\u00f5es integradas de preven\u00e7\u00e3o, controle de vetores e promo\u00e7\u00e3o da sa\u00fade em diversas localidades do munic\u00edpio. No dia 9 de dezembro, o programa CEVAs Itinerante estar\u00e1 no Horto, oferecendo atendimento \u00e0 popula\u00e7\u00e3o local e refor\u00e7ando as medidas de combate ao mosquito transmissor de doen\u00e7as, al\u00e9m de orienta\u00e7\u00f5es sobre cuidados ambientais e bem-estar.<\/p>\n<p>\n                As a\u00e7\u00f5es de combate ao mosquito Aedes aegypti com o carro fumac\u00ea ocorrer\u00e3o em quatro localidades: no dia 9 de dezembro, o servi\u00e7o ser\u00e1 realizado no Jardim Esperan\u00e7a; em 10 de dezembro, no Jardim Franco; no dia 11, na Franco Praza; e, encerrando a programa\u00e7\u00e3o, em 12 de dezembro, nos bairros Jardim Carioca I e II.<\/p>\n<p>Entre os dias 8 e 12 de dezembro, a Ger\u00eancia de Vigil\u00e2ncia Ambiental dar\u00e1 continuidade \u00e0s a\u00e7\u00f5es de controle de roedores em diferentes pontos do munic\u00edpio. As equipes atuar\u00e3o no Centro, Ajuda, Morro de S\u00e3o Jorge, Virgem Santa e Sol y Mar, realizando inspe\u00e7\u00f5es, orienta\u00e7\u00f5es \u00e0 popula\u00e7\u00e3o e interven\u00e7\u00f5es preventivas para reduzir a presen\u00e7a de pragas e garantir mais seguran\u00e7a sanit\u00e1ria \u00e0s comunidades atendidas.<\/p>\n<p>A atualiza\u00e7\u00e3o do Reconhecimento Geogr\u00e1fico (RG) ser\u00e1 realizada entre os dias 8 e 12 de dezembro nos bairros Virgem Santa, Horto, Miramar e Visconde, com o objetivo de mapear e numerar casas e anexos nas \u00e1reas previamente delimitadas. A a\u00e7\u00e3o inclui a classifica\u00e7\u00e3o das constru\u00e7\u00f5es, o levantamento de informa\u00e7\u00f5es sobre vias de acesso, cole\u00e7\u00f5es h\u00eddricas e condi\u00e7\u00f5es sanit\u00e1rias, al\u00e9m da an\u00e1lise da rela\u00e7\u00e3o dessas localidades com seus entornos. O trabalho \u00e9 essencial para subsidiar o planejamento das a\u00e7\u00f5es de sa\u00fade e orientar interven\u00e7\u00f5es mais precisas no territ\u00f3rio.<\/p>\n<p>As a\u00e7\u00f5es de monitoramento de Pontos Estrat\u00e9gicos, como empresas, borracharias, ferros-velhos e \u00f3rg\u00e3os p\u00fablicos, ser\u00e3o intensificadas entre os dias 8 e 12 de dezembro nos bairros Bairro da Gl\u00f3ria, Imboassica, Novo Cavaleiros e S\u00e3o Marcos. As equipes far\u00e3o inspe\u00e7\u00f5es para identificar poss\u00edveis focos de vetores, orientar os respons\u00e1veis sobre medidas de preven\u00e7\u00e3o e garantir que esses locais mantenham condi\u00e7\u00f5es adequadas de armazenamento e manejo de materiais, contribuindo para a redu\u00e7\u00e3o de riscos ambientais e para a prote\u00e7\u00e3o da sa\u00fade p\u00fablica.<\/p>\n","protected":false},"excerpt":{"rendered":"A Prefeitura de Maca\u00e9, por meio da Ger\u00eancia de Vigil\u00e2ncia Ambiental da Secretaria de Sa\u00fade, continua nesta semana&hellip;\n","protected":false},"author":2,"featured_media":179442,"comment_status":"","ping_status":"","sticky":false,"template":"","format":"standard","meta":{"footnotes":""},"categories":[86],"tags":[116,32,33,117],"class_list":{"0":"post-179441","1":"post","2":"type-post","3":"status-publish","4":"format-standard","5":"has-post-thumbnail","7":"category-saude","8":"tag-health","9":"tag-portugal","10":"tag-pt","11":"tag-saude"},"share_on_mastodon":{"url":"https:\/\/pubeurope.com\/@pt\/115681347722670226","error":""},"_links":{"self":[{"href":"https:\/\/www.europesays.com\/pt\/wp-json\/wp\/v2\/posts\/179441","targetHints":{"allow":["GET"]}}],"collection":[{"href":"https:\/\/www.europesays.com\/pt\/wp-json\/wp\/v2\/posts"}],"about":[{"href":"https:\/\/www.europesays.com\/pt\/wp-json\/wp\/v2\/types\/post"}],"author":[{"embeddable":true,"href":"https:\/\/www.europesays.com\/pt\/wp-json\/wp\/v2\/users\/2"}],"replies":[{"embeddable":true,"href":"https:\/\/www.europesays.com\/pt\/wp-json\/wp\/v2\/comments?post=179441"}],"version-history":[{"count":0,"href":"https:\/\/www.europesays.com\/pt\/wp-json\/wp\/v2\/posts\/179441\/revisions"}],"wp:featuredmedia":[{"embeddable":true,"href":"https:\/\/www.europesays.com\/pt\/wp-json\/wp\/v2\/media\/179442"}],"wp:attachment":[{"href":"https:\/\/www.europesays.com\/pt\/wp-json\/wp\/v2\/media?parent=179441"}],"wp:term":[{"taxonomy":"category","embeddable":true,"href":"https:\/\/www.europesays.com\/pt\/wp-json\/wp\/v2\/categories?post=179441"},{"taxonomy":"post_tag","embeddable":true,"href":"https:\/\/www.europesays.com\/pt\/wp-json\/wp\/v2\/tags?post=179441"}],"curies":[{"name":"wp","href":"https:\/\/api.w.org\/{rel}","templated":true}]}}