{"id":179445,"date":"2025-12-08T01:32:39","date_gmt":"2025-12-08T01:32:39","guid":{"rendered":"https:\/\/www.europesays.com\/pt\/179445\/"},"modified":"2025-12-08T01:32:39","modified_gmt":"2025-12-08T01:32:39","slug":"junta-de-freguesia-na-amadora-so-atende-em-portugues-e-os-imigrantes-tem-de-levar-tradutor","status":"publish","type":"post","link":"https:\/\/www.europesays.com\/pt\/179445\/","title":{"rendered":"Junta de Freguesia na Amadora s\u00f3 atende em portugu\u00eas e os imigrantes t\u00eam de levar tradutor"},"content":{"rendered":"<p>O presidente da Junta de Freguesia da Venteira, na Amadora, \u00e0 qual recorrem muitos imigrantes, sobretudo indost\u00e2nicos, <strong>determinou que os atendimentos sejam feitos apenas em portugu\u00eas, para evitar erros de interpreta\u00e7\u00e3o, e nega qualquer atitude discriminat\u00f3ria<\/strong>.<\/p>\n<p>Com uma forte presen\u00e7a de imigrantes indost\u00e2nicos, provenientes da \u00cdndia, Paquist\u00e3o, Bangladesh, Nepal e But\u00e3o, esta junta<strong> realizava, at\u00e9 h\u00e1 um m\u00eas, atendimentos em ingl\u00eas<\/strong>, mas Jo\u00e3o Pica diz ter-se apercebido que &#8220;nem os imigrantes entendem o ingl\u00eas dos funcion\u00e1rios, nem estes percebem o dos imigrantes&#8221;.<\/p>\n<p>Jo\u00e3o Pica assumiu fun\u00e7\u00f5es como presidente da Junta de Freguesia da Venteira, no cora\u00e7\u00e3o da cidade da Amadora, h\u00e1 um m\u00eas e esta foi uma das primeiras medidas que adotou.<\/p>\n<p>&#8220;O que eu percebi, em tr\u00eas ou quatro atendimentos que eu presenciei, foi que, no final do atendimento, nem a nossa funcion\u00e1ria entendeu metade do que o interlocutor estava a falar, nem o fregu\u00eas, naquele caso, entendeu metade do que a nossa funcion\u00e1ria estava a falar&#8221;, disse \u00e0 Lusa.<\/p>\n<p>Para Jo\u00e3o Pica, <strong>o facto de o ingl\u00eas falado por estes imigrantes ser &#8220;muito rudimentar&#8221;, faz com que n\u00e3o haja entendimento<\/strong>.<\/p>\n<p>Uma das consequ\u00eancias desta dificuldade de interpreta\u00e7\u00e3o foi a reclama\u00e7\u00e3o de alguns imigrantes, que alegaram que na junta lhes prestaram informa\u00e7\u00f5es erradas. <strong>&#8220;Eu n\u00e3o posso ter funcion\u00e1rios que est\u00e3o a arriscar estarem a ser colaborativos com algu\u00e9m que a seguir vem aqui e faz uma queixa<\/strong>, e faz uma queixa bem-feita, porque teve uma informa\u00e7\u00e3o que pensou que era correta e n\u00e3o era&#8221;, observou.<\/p>\n<p>O autarca explicou que os atendimentos continuaram e n\u00e3o \u00e9 necess\u00e1rio um tradutor oficial.<\/p>\n<p><strong>&#8220;Exigimos, sim, que a pessoa se fa\u00e7a acompanhar por algu\u00e9m que fa\u00e7a a tradu\u00e7\u00e3o<\/strong>, que tenha algu\u00e9m que fale portugu\u00eas, que entenda portugu\u00eas e traduza para a l\u00edngua nativa da pessoa que est\u00e1 ali a ser atendida&#8221;, prosseguiu.<\/p>\n<p>Jo\u00e3o Pica disse que as altera\u00e7\u00f5es est\u00e3o &#8220;a correr bem&#8221;, ultrapassados &#8220;um ou dois constrangimentos&#8221; relacionados com o atendimento de pessoas que n\u00e3o estavam a contar com a necessidade de um tradutor.<\/p>\n","protected":false},"excerpt":{"rendered":"O presidente da Junta de Freguesia da Venteira, na Amadora, \u00e0 qual recorrem muitos imigrantes, sobretudo indost\u00e2nicos, determinou&hellip;\n","protected":false},"author":2,"featured_media":179446,"comment_status":"","ping_status":"","sticky":false,"template":"","format":"standard","meta":{"footnotes":""},"categories":[8],"tags":[27,28,15,16,14,25,26,21,22,12,13,19,20,32,23,24,33,17,18,29,30,31],"class_list":{"0":"post-179445","1":"post","2":"type-post","3":"status-publish","4":"format-standard","5":"has-post-thumbnail","7":"category-principais-noticias","8":"tag-breaking-news","9":"tag-breakingnews","10":"tag-featured-news","11":"tag-featurednews","12":"tag-headlines","13":"tag-latest-news","14":"tag-latestnews","15":"tag-main-news","16":"tag-mainnews","17":"tag-news","18":"tag-noticias","19":"tag-noticias-principais","20":"tag-noticiasprincipais","21":"tag-portugal","22":"tag-principais-noticias","23":"tag-principaisnoticias","24":"tag-pt","25":"tag-top-stories","26":"tag-topstories","27":"tag-ultimas","28":"tag-ultimas-noticias","29":"tag-ultimasnoticias"},"share_on_mastodon":{"url":"https:\/\/pubeurope.com\/@pt\/115681371432053703","error":""},"_links":{"self":[{"href":"https:\/\/www.europesays.com\/pt\/wp-json\/wp\/v2\/posts\/179445","targetHints":{"allow":["GET"]}}],"collection":[{"href":"https:\/\/www.europesays.com\/pt\/wp-json\/wp\/v2\/posts"}],"about":[{"href":"https:\/\/www.europesays.com\/pt\/wp-json\/wp\/v2\/types\/post"}],"author":[{"embeddable":true,"href":"https:\/\/www.europesays.com\/pt\/wp-json\/wp\/v2\/users\/2"}],"replies":[{"embeddable":true,"href":"https:\/\/www.europesays.com\/pt\/wp-json\/wp\/v2\/comments?post=179445"}],"version-history":[{"count":0,"href":"https:\/\/www.europesays.com\/pt\/wp-json\/wp\/v2\/posts\/179445\/revisions"}],"wp:featuredmedia":[{"embeddable":true,"href":"https:\/\/www.europesays.com\/pt\/wp-json\/wp\/v2\/media\/179446"}],"wp:attachment":[{"href":"https:\/\/www.europesays.com\/pt\/wp-json\/wp\/v2\/media?parent=179445"}],"wp:term":[{"taxonomy":"category","embeddable":true,"href":"https:\/\/www.europesays.com\/pt\/wp-json\/wp\/v2\/categories?post=179445"},{"taxonomy":"post_tag","embeddable":true,"href":"https:\/\/www.europesays.com\/pt\/wp-json\/wp\/v2\/tags?post=179445"}],"curies":[{"name":"wp","href":"https:\/\/api.w.org\/{rel}","templated":true}]}}