{"id":179457,"date":"2025-12-08T01:48:15","date_gmt":"2025-12-08T01:48:15","guid":{"rendered":"https:\/\/www.europesays.com\/pt\/179457\/"},"modified":"2025-12-08T01:48:15","modified_gmt":"2025-12-08T01:48:15","slug":"gloria-pires-estreia-como-diretora-de-cinema-e-faz-revelacoes-sobre-a-nova-fase-record","status":"publish","type":"post","link":"https:\/\/www.europesays.com\/pt\/179457\/","title":{"rendered":"Gl\u00f3ria Pires estreia como diretora de cinema e faz revela\u00e7\u00f5es sobre a nova fase \u2013 Record"},"content":{"rendered":"<p>A atriz Gloria Pires recebeu Carolina Ferraz para falar de um novo momento da carreira dela. Ela acabou de estrear como diretora de cinema. O roteiro do novo filme dela tem como protagonista a B\u00e1rbara, personagem vivida por ela, uma mulher que acaba de fazer 60 anos e est\u00e1 apavorada com o fato de estar envelhecendo.\u00a0\u00a0<\/p>\n<p>Na trama, B\u00e1rbara j\u00e1 perdeu a esperan\u00e7a de achar um grande amor. De repente, ela tem um encontro inesperado com um homem bem mais jovem, interpretado por Thiago Martins.\u00a0<\/p>\n<p>Gl\u00f3ria contou que queria um olhar totalmente feminino para unir a ideia do texto ao resultado final do filme. Ela disse que, ao longo dos anos, observou a presen\u00e7a das mulheres aumentando cada vez mais nos est\u00fadios. Desde sempre, a atriz j\u00e1 sabia de quem gostaria de chamar caso dirigisse um filme. Quando veio a oportunidade, a equipe j\u00e1 estava dispon\u00edvel.\u00a0<\/p>\n<p>Como diretora, Gl\u00f3ria afirma que levou muito da experi\u00eancia de atriz, uma bagagem de quem, muitas vezes, n\u00e3o esteve confort\u00e1vel para comunicar o que precisava ser comunicado. \u201cAssim como os 30 foram reveladores, os 60 tamb\u00e9m foram libertadores\u201d, contou a atriz.\u00a0<\/p>\n<p>O humor e a irrever\u00eancia do roteiro falam de forma leve sobre o tempo e os conflitos de gera\u00e7\u00f5es, mas Gl\u00f3ria diz que \u00e9 preciso ficar alerta para envelhecer bem. Para fechar o papo, Gl\u00f3ria revela quais s\u00e3o os planos para o pr\u00f3ximo ano.<\/p>\n<p><b>O PlayPlus agora \u00e9 RecordPlus: mais conte\u00fado da RECORD para voc\u00ea, ao vivo e de gra\u00e7a. Baixe o app <b><a href=\"https:\/\/descubra.recordplus.com\/\" rel=\"nofollow noopener\" target=\"_blank\">aqui!<\/a><\/b><\/b><\/p>\n","protected":false},"excerpt":{"rendered":"A atriz Gloria Pires recebeu Carolina Ferraz para falar de um novo momento da carreira dela. Ela acabou&hellip;\n","protected":false},"author":2,"featured_media":179458,"comment_status":"","ping_status":"","sticky":false,"template":"","format":"standard","meta":{"footnotes":""},"categories":[145],"tags":[8161,211,210,7244,114,115,741,10407,32,33],"class_list":{"0":"post-179457","1":"post","2":"type-post","3":"status-publish","4":"format-standard","5":"has-post-thumbnail","7":"category-celebridades","8":"tag-carreira","9":"tag-celebridades","10":"tag-celebrities","11":"tag-diretora","12":"tag-entertainment","13":"tag-entretenimento","14":"tag-entrevista","15":"tag-gloria-pires","16":"tag-portugal","17":"tag-pt"},"share_on_mastodon":{"url":"https:\/\/pubeurope.com\/@pt\/115681434241221456","error":""},"_links":{"self":[{"href":"https:\/\/www.europesays.com\/pt\/wp-json\/wp\/v2\/posts\/179457","targetHints":{"allow":["GET"]}}],"collection":[{"href":"https:\/\/www.europesays.com\/pt\/wp-json\/wp\/v2\/posts"}],"about":[{"href":"https:\/\/www.europesays.com\/pt\/wp-json\/wp\/v2\/types\/post"}],"author":[{"embeddable":true,"href":"https:\/\/www.europesays.com\/pt\/wp-json\/wp\/v2\/users\/2"}],"replies":[{"embeddable":true,"href":"https:\/\/www.europesays.com\/pt\/wp-json\/wp\/v2\/comments?post=179457"}],"version-history":[{"count":0,"href":"https:\/\/www.europesays.com\/pt\/wp-json\/wp\/v2\/posts\/179457\/revisions"}],"wp:featuredmedia":[{"embeddable":true,"href":"https:\/\/www.europesays.com\/pt\/wp-json\/wp\/v2\/media\/179458"}],"wp:attachment":[{"href":"https:\/\/www.europesays.com\/pt\/wp-json\/wp\/v2\/media?parent=179457"}],"wp:term":[{"taxonomy":"category","embeddable":true,"href":"https:\/\/www.europesays.com\/pt\/wp-json\/wp\/v2\/categories?post=179457"},{"taxonomy":"post_tag","embeddable":true,"href":"https:\/\/www.europesays.com\/pt\/wp-json\/wp\/v2\/tags?post=179457"}],"curies":[{"name":"wp","href":"https:\/\/api.w.org\/{rel}","templated":true}]}}