{"id":179459,"date":"2025-12-08T01:51:12","date_gmt":"2025-12-08T01:51:12","guid":{"rendered":"https:\/\/www.europesays.com\/pt\/179459\/"},"modified":"2025-12-08T01:51:12","modified_gmt":"2025-12-08T01:51:12","slug":"tudo-sobre-a-3a-temporada-de-espiritos-na-escola-do-paramount","status":"publish","type":"post","link":"https:\/\/www.europesays.com\/pt\/179459\/","title":{"rendered":"Tudo sobre a 3\u00aa temporada de Esp\u00edritos na Escola, do Paramount+"},"content":{"rendered":"<p>A <a href=\"https:\/\/tangerina.uol.com.br\/tag\/paramount\/\" target=\"_blank\" rel=\"noreferrer noopener nofollow\">Paramount+<\/a> aproveitou a Comic-Con Experience em S\u00e3o Paulo para anunciar que a terceira temporada de Esp\u00edritos na Escola, com Payton List, chega no dia 28 de janeiro, com todos os epis\u00f3dios. A s\u00e9rie de drama sobrenatural, que estreou em 2023, se tornou um dos principais conte\u00fados originais da plataforma de streaming no Brasil. <\/p>\n<p>A trama acompanha Maddie Nears (Payton List), uma estudante do ensino m\u00e9dio que sofre uma morte misteriosa e acaba presa no limbo de sua escola, a Split River High. Sem conseguir lembrar como morreu, ela encontra outros outros esp\u00edritos de alunos que tamb\u00e9m morreram na escola e, assim como ela, est\u00e3o presos no mesmo lugar.<\/p>\n<p>Com a ajuda deles e de Simon (Kristian Ventura), seu amigo vivo que inexplicavelmente consegue v\u00ea-la, Maddie come\u00e7a a investigar os detalhes de sua morte para descobrir como foi parar no limbo e, principalmente, como sair dele.<\/p>\n<p>A terceira temporada de Esp\u00edritos na Escola<\/p>\n<p><strong>[Aten\u00e7\u00e3o: Cont\u00e9m spoilers das duas primeiras temporadas de Esp\u00edritos na Escola a seguir]<\/strong><\/p>\n<p>Depois de descobrir que, na verdade, n\u00e3o havia morrido, Maddie tenta de tudo para recuperar seu corpo, possu\u00eddo pelo esp\u00edrito de outra aluna morta na escola anos antes: Janet (Jess Gabor), cuja morte aconteceu em um inc\u00eandio causado acidentalmente pelo professor Martin (Josh Zuckerman), que jogou a culpa nela, aprisionando-a no limbo.<\/p>\n<p>Com o segredo revelado, Janet faz sua \u201cpassagem\u201d, e Maddie recupera seu corpo. O problema \u00e9 que Simon, que estava ajudando-a o tempo inteiro, foi parar no limbo mesmo sem morrer, atra\u00eddo por uma luz vermelha. Incapaz de retornar ao mundo dos vivos, ele passa a questionar sua pr\u00f3pria exist\u00eancia, temendo qual poder\u00e1 ser seu futuro.<\/p>\n<p>Esse \u00e9 o principal gancho para a terceira temporada, que deve acompanhar a aventura de Maddie para tentar resgatar o esp\u00edrito de seu melhor amigo. Al\u00e9m disso, ela tamb\u00e9m ter\u00e1 que descobrir como lidar com o pr\u00f3prio trauma em um mundo que n\u00e3o sabe da exist\u00eancia dos esp\u00edritos na escola. <\/p>\n<p>Para isso, ela dever\u00e1 se aproximar de Xavier (Spencer MacPherson), seu ex-namorado que a tra\u00eda. Ap\u00f3s uma experi\u00eancia de quase morte no hospital, ele tamb\u00e9m passou a enxergar os esp\u00edritos assim como a pr\u00f3pria Maddie, mas ainda est\u00e1 tentando entender o que esse novo mundo significa.<\/p>\n","protected":false},"excerpt":{"rendered":"A Paramount+ aproveitou a Comic-Con Experience em S\u00e3o Paulo para anunciar que a terceira temporada de Esp\u00edritos na&hellip;\n","protected":false},"author":2,"featured_media":179460,"comment_status":"","ping_status":"","sticky":false,"template":"","format":"standard","meta":{"footnotes":""},"categories":[142],"tags":[114,115,364,32,33,941,151],"class_list":{"0":"post-179459","1":"post","2":"type-post","3":"status-publish","4":"format-standard","5":"has-post-thumbnail","7":"category-tv","8":"tag-entertainment","9":"tag-entretenimento","10":"tag-paramount","11":"tag-portugal","12":"tag-pt","13":"tag-series","14":"tag-tv"},"share_on_mastodon":{"url":"https:\/\/pubeurope.com\/@pt\/115681445998544896","error":""},"_links":{"self":[{"href":"https:\/\/www.europesays.com\/pt\/wp-json\/wp\/v2\/posts\/179459","targetHints":{"allow":["GET"]}}],"collection":[{"href":"https:\/\/www.europesays.com\/pt\/wp-json\/wp\/v2\/posts"}],"about":[{"href":"https:\/\/www.europesays.com\/pt\/wp-json\/wp\/v2\/types\/post"}],"author":[{"embeddable":true,"href":"https:\/\/www.europesays.com\/pt\/wp-json\/wp\/v2\/users\/2"}],"replies":[{"embeddable":true,"href":"https:\/\/www.europesays.com\/pt\/wp-json\/wp\/v2\/comments?post=179459"}],"version-history":[{"count":0,"href":"https:\/\/www.europesays.com\/pt\/wp-json\/wp\/v2\/posts\/179459\/revisions"}],"wp:featuredmedia":[{"embeddable":true,"href":"https:\/\/www.europesays.com\/pt\/wp-json\/wp\/v2\/media\/179460"}],"wp:attachment":[{"href":"https:\/\/www.europesays.com\/pt\/wp-json\/wp\/v2\/media?parent=179459"}],"wp:term":[{"taxonomy":"category","embeddable":true,"href":"https:\/\/www.europesays.com\/pt\/wp-json\/wp\/v2\/categories?post=179459"},{"taxonomy":"post_tag","embeddable":true,"href":"https:\/\/www.europesays.com\/pt\/wp-json\/wp\/v2\/tags?post=179459"}],"curies":[{"name":"wp","href":"https:\/\/api.w.org\/{rel}","templated":true}]}}