{"id":179467,"date":"2025-12-08T02:02:07","date_gmt":"2025-12-08T02:02:07","guid":{"rendered":"https:\/\/www.europesays.com\/pt\/179467\/"},"modified":"2025-12-08T02:02:07","modified_gmt":"2025-12-08T02:02:07","slug":"selton-mello-celebra-ccxp25-e-palco-omelete-em-foto-com-fa-veja","status":"publish","type":"post","link":"https:\/\/www.europesays.com\/pt\/179467\/","title":{"rendered":"Selton Mello celebra CCXP25 e Palco Omelete em foto com f\u00e3; veja"},"content":{"rendered":"<p>De passagem pela\u00a0<strong>CCXP25\u00a0<\/strong>para divulgar\u00a0<strong>Anaconda<\/strong>,\u00a0o astro\u00a0<strong>Selton Mello\u00a0<\/strong>celebrou sua participa\u00e7\u00e3o no evento com uma foto ao lado de um f\u00e3. Veja a seguir!<\/p>\n<p>            Continua depois da Publicidade<\/p>\n<p>    Qual \u00e9 a hist\u00f3ria do novo\u00a0Anaconda?<\/p>\n<p>O novo longa envolve um grupo de amigos sofrendo com uma crise de meia-idade. Para sair da mesma, eles resolvem finalmente realizar seu sonho e fazer um reboot do seu filme preferido da juventude:\u00a0Anaconda.<\/p>\n<p>Quando eles chegam \u00e0 floresta, acabam tendo que enfrentar desastres naturais reais, criminosos violentos, e obviamente, cobras gigantes.<\/p>\n<p>Jack Black interpretar\u00e1 um antigo diretor, um homem preso em seu trabalho como cinegrafista de casamento, enquanto Paul Rudd dar\u00e1 vida a um ator que fez uma temporada em um programa policial, mas v\u00ea seus sonhos de Hollywood se distanciando cada vez mais.<\/p>\n<p data-gtm-vis-first-on-screen67967661_30=\"388048\" data-gtm-vis-has-fired67967661_30=\"1\" data-gtm-vis-total-visible-time67967661_30=\"100\">O novo\u00a0Anaconda\u00a0tem estreia marcada para o dia 25 de dezembro.<\/p>\n<p>            Continua depois da Publicidade<\/p>\n","protected":false},"excerpt":{"rendered":"De passagem pela\u00a0CCXP25\u00a0para divulgar\u00a0Anaconda,\u00a0o astro\u00a0Selton Mello\u00a0celebrou sua participa\u00e7\u00e3o no evento com uma foto ao lado de um f\u00e3.&hellip;\n","protected":false},"author":2,"featured_media":179468,"comment_status":"","ping_status":"","sticky":false,"template":"","format":"standard","meta":{"footnotes":""},"categories":[145],"tags":[211,210,114,115,32,33],"class_list":{"0":"post-179467","1":"post","2":"type-post","3":"status-publish","4":"format-standard","5":"has-post-thumbnail","7":"category-celebridades","8":"tag-celebridades","9":"tag-celebrities","10":"tag-entertainment","11":"tag-entretenimento","12":"tag-portugal","13":"tag-pt"},"share_on_mastodon":{"url":"https:\/\/pubeurope.com\/@pt\/115681489255169904","error":""},"_links":{"self":[{"href":"https:\/\/www.europesays.com\/pt\/wp-json\/wp\/v2\/posts\/179467","targetHints":{"allow":["GET"]}}],"collection":[{"href":"https:\/\/www.europesays.com\/pt\/wp-json\/wp\/v2\/posts"}],"about":[{"href":"https:\/\/www.europesays.com\/pt\/wp-json\/wp\/v2\/types\/post"}],"author":[{"embeddable":true,"href":"https:\/\/www.europesays.com\/pt\/wp-json\/wp\/v2\/users\/2"}],"replies":[{"embeddable":true,"href":"https:\/\/www.europesays.com\/pt\/wp-json\/wp\/v2\/comments?post=179467"}],"version-history":[{"count":0,"href":"https:\/\/www.europesays.com\/pt\/wp-json\/wp\/v2\/posts\/179467\/revisions"}],"wp:featuredmedia":[{"embeddable":true,"href":"https:\/\/www.europesays.com\/pt\/wp-json\/wp\/v2\/media\/179468"}],"wp:attachment":[{"href":"https:\/\/www.europesays.com\/pt\/wp-json\/wp\/v2\/media?parent=179467"}],"wp:term":[{"taxonomy":"category","embeddable":true,"href":"https:\/\/www.europesays.com\/pt\/wp-json\/wp\/v2\/categories?post=179467"},{"taxonomy":"post_tag","embeddable":true,"href":"https:\/\/www.europesays.com\/pt\/wp-json\/wp\/v2\/tags?post=179467"}],"curies":[{"name":"wp","href":"https:\/\/api.w.org\/{rel}","templated":true}]}}