{"id":179469,"date":"2025-12-08T02:05:11","date_gmt":"2025-12-08T02:05:11","guid":{"rendered":"https:\/\/www.europesays.com\/pt\/179469\/"},"modified":"2025-12-08T02:05:11","modified_gmt":"2025-12-08T02:05:11","slug":"liguei-para-o-debate-mendes-cotrim-acabei-no-confessionario-da-casa-dos-segredos-cronica","status":"publish","type":"post","link":"https:\/\/www.europesays.com\/pt\/179469\/","title":{"rendered":"Liguei para o debate Mendes-Cotrim, acabei no confession\u00e1rio da Casa dos Segredos | Cr\u00f3nica"},"content":{"rendered":"<p>\u00c9 a TVI, uma pessoa lembra-se logo de um Big Brother, de uma Casa dos Segredos, mas \u00e9 um <a href=\"https:\/\/www.publico.pt\/2025\/12\/07\/politica\/noticia\/caracter-visao-fiscal-posicoes-assumidas-mendes-cotrim-guerra-permanente-2157366\" target=\"_blank\" rel=\"nofollow noopener\">debate presidencial<\/a> que a\u00ed vem \u00e0s 21h00, s\u00f3 que, espera, afinal parece que dois candidatos \u2013 Jo\u00e3o Cotrim de Figueiredo e Lu\u00eds Marques Mendes \u2013 s\u00e3o concorrentes, que foram chamados a um confession\u00e1rio de um reality show para se enfrentar, cara a cara, sem os outros concorrentes ali ao lado, est\u00e3o s\u00f3 os dois a falar para resolverem problemas passados, mais para mostrarem que o outro merece ser expulso da casa do que propriamente interessados em captar votos para si.<\/p>\n<p>\u201cFui v\u00edtima de ataque pessoal muito feio e lament\u00e1vel da parte de Jo\u00e3o Cotrim de Figueiredo: numa entrevista ao Expresso disse que eu ou pessoas por mim o pressionaram para desistir da sua candidatura. Uma acusa\u00e7\u00e3o muito s\u00e9ria e muito grave\u201d, atira logo Marques Mendes numa \u201cquest\u00e3o pr\u00e9via\u201d, ignorando a pergunta feita pelo jornalista sobre o mercado laboral \u2013 Jos\u00e9 Alberto Carvalho aceitou a continua\u00e7\u00e3o da discuss\u00e3o, qual Teresa Guilherme a aceitar o conflito nos reality, porque vai dar \u201ccanal\u201d, \u00e9 irresist\u00edvel perceber o que dali sair\u00e1.<\/p>\n<p>\u201cUma leviandade enorme para quem quer ser Presidente da Rep\u00fablica\u201d, um \u201cAndr\u00e9 Ventura envergonhado, que faz acusa\u00e7\u00f5es e n\u00e3o as prova, isso n\u00e3o o recomenda para Presidente da Rep\u00fablica, at\u00e9 o desqualifica\u201d, ataca Marques Mendes. O social-democrata est\u00e1 incomodado com a acusa\u00e7\u00e3o do liberal de que tinha havido press\u00f5es da sua parte para desistir do reality, perd\u00e3o, da corrida presidencial.<\/p>\n<p>        &#13;<\/p>\n<p>&#13;<br \/>\n                &#13;\n            <\/p>\n<p>&#13;<\/p>\n<p>Cotrim de Figueiredo diz que est\u00e1 preparado, j\u00e1 sabia que tinha de responder sobre esse tema: \u201cAinda bem que entra ao ataque\u201d. Mas n\u00e3o h\u00e1 nomes para dizer, insiste apenas que houve \u201capoiantes destacados\u201d a pressionarem-no.<\/p>\n<p>Mas o candidato, que foi o director-geral da TVI que para ali levou a primeira edi\u00e7\u00e3o da Casa dos Segredos, traz uma acusa\u00e7\u00e3o para a troca, porque ainda n\u00e3o \u00e9 tempo para os problemas presidenci\u00e1veis, e at\u00e9 tenta deixar no ar que h\u00e1 segredos do lado de Marques Mendes. \u201cPubliquei um livro h\u00e1 poucas semanas onde explico a minha vida profissional. Sei que vai sair um livro em que resume os 18 anos desde que saiu do Governo em cinco p\u00e1ginas. Ficamos sem saber se tem alguma coisa a esconder?\u201d<\/p>\n<p>\u201cContinue nas insinua\u00e7\u00f5es, tem alguma coisa a concretizar?\u201d, contrap\u00f5e Mendes, \u201cn\u00e3o, nada\u201d, recebe de resposta de Cotrim, \u201cuma tentativa de assassinato de car\u00e1cter\u201d, segue o ex-l\u00edder do PSD. S\u00e3o di\u00e1logos semelhantes aos de cenas de reality shows que ainda nadam pelo Youtube, um b\u00e1lsamo para um programa de domingo \u00e0 noite que \u00e9 praticamente um s\u00e1bado, porque h\u00e1 um feriado a seguir, e d\u00e1 bem para passar algum tempo a ver cenas de discuss\u00e3o, perd\u00e3o, debate presidencial.<\/p>\n<p>H\u00e1 problemas para resolver no pa\u00eds, mas tamb\u00e9m na rela\u00e7\u00e3o de Cotrim e Mendes, s\u00e3o advers\u00e1rios que as sondagens mostram que se sobrep\u00f5em. Como um pode prejudicar o outro numa passagem \u00e0 segunda volta, t\u00eam muito para discutir e para se diferenciarem, mas l\u00e1 perceberam que afinal n\u00e3o basta apenas falar sobre ambos, \u00e9 preciso abrir espa\u00e7o aos temas pol\u00edticos, como dar mais for\u00e7a aos jovens, como lidar com a reforma do mercado laboral, sempre com farpas ao outro lado, mas \u00e9 um debate, faz parte.<\/p>\n<p>Um candidato a Presidente da Rep\u00fablica \u201cs\u00f3 se pronuncia com o texto final\u201d da proposta de reforma laboral, este \u201cest\u00e1 longe de ser um texto final\u201d, aponta Mendes; \u201cos candidatos t\u00eam obriga\u00e7\u00e3o de dizer o que \u00e9 que pensam\u201d, atira Cotrim. \u201cSou mais ambicioso no plano social do que Jo\u00e3o Cotrim de Figueiredo\u201d, diz Mendes; \u201cexibiu algumas fraquezas no racioc\u00ednio econ\u00f3mico, permita-me que lhe diga, com toda a amizade\u201d, continua Cotrim.<\/p>\n<p>Discute-se quem \u00e9 mais prudente, mais ambicioso, se \u00e9 pela estabilidade ou pela mudan\u00e7a, mas parece que ambos se esqueceram que os outros concorrentes \u2013 aqueles que n\u00e3o foram hoje ao confession\u00e1rio, perd\u00e3o, ao debate \u2013 tamb\u00e9m podem ganhar.<\/p>\n","protected":false},"excerpt":{"rendered":"\u00c9 a TVI, uma pessoa lembra-se logo de um Big Brother, de uma Casa dos Segredos, mas \u00e9&hellip;\n","protected":false},"author":2,"featured_media":179470,"comment_status":"","ping_status":"","sticky":false,"template":"","format":"standard","meta":{"footnotes":""},"categories":[142],"tags":[1404,33707,114,115,17460,24788,52,32,1076,33,151],"class_list":{"0":"post-179469","1":"post","2":"type-post","3":"status-publish","4":"format-standard","5":"has-post-thumbnail","7":"category-tv","8":"tag-cronica","9":"tag-debates-presidenciais-2026","10":"tag-entertainment","11":"tag-entretenimento","12":"tag-joao-cotrim-de-figueiredo","13":"tag-marques-mendes","14":"tag-politica","15":"tag-portugal","16":"tag-presidenciais-2026","17":"tag-pt","18":"tag-tv"},"share_on_mastodon":{"url":"https:\/\/pubeurope.com\/@pt\/115681501032992354","error":""},"_links":{"self":[{"href":"https:\/\/www.europesays.com\/pt\/wp-json\/wp\/v2\/posts\/179469","targetHints":{"allow":["GET"]}}],"collection":[{"href":"https:\/\/www.europesays.com\/pt\/wp-json\/wp\/v2\/posts"}],"about":[{"href":"https:\/\/www.europesays.com\/pt\/wp-json\/wp\/v2\/types\/post"}],"author":[{"embeddable":true,"href":"https:\/\/www.europesays.com\/pt\/wp-json\/wp\/v2\/users\/2"}],"replies":[{"embeddable":true,"href":"https:\/\/www.europesays.com\/pt\/wp-json\/wp\/v2\/comments?post=179469"}],"version-history":[{"count":0,"href":"https:\/\/www.europesays.com\/pt\/wp-json\/wp\/v2\/posts\/179469\/revisions"}],"wp:featuredmedia":[{"embeddable":true,"href":"https:\/\/www.europesays.com\/pt\/wp-json\/wp\/v2\/media\/179470"}],"wp:attachment":[{"href":"https:\/\/www.europesays.com\/pt\/wp-json\/wp\/v2\/media?parent=179469"}],"wp:term":[{"taxonomy":"category","embeddable":true,"href":"https:\/\/www.europesays.com\/pt\/wp-json\/wp\/v2\/categories?post=179469"},{"taxonomy":"post_tag","embeddable":true,"href":"https:\/\/www.europesays.com\/pt\/wp-json\/wp\/v2\/tags?post=179469"}],"curies":[{"name":"wp","href":"https:\/\/api.w.org\/{rel}","templated":true}]}}