{"id":179479,"date":"2025-12-08T02:19:12","date_gmt":"2025-12-08T02:19:12","guid":{"rendered":"https:\/\/www.europesays.com\/pt\/179479\/"},"modified":"2025-12-08T02:19:12","modified_gmt":"2025-12-08T02:19:12","slug":"o-natal-chega-ao-secret-story-e-cristina-ferreira-veste-se-a-rigor-as-imagens-do-look-da-noite-secret-story","status":"publish","type":"post","link":"https:\/\/www.europesays.com\/pt\/179479\/","title":{"rendered":"O Natal chega ao Secret Story e Cristina Ferreira veste-se a rigor. As imagens do look da noite &#8211; Secret Story"},"content":{"rendered":"<p>\n                    Veja o look natal\u00edcio da apresentadora.\n                <\/p>\n<p>Na gala em que se inaugurou a decora\u00e7\u00e3o de Natal do Secret Story 9, Cristina Ferreira apresentou-se com um look perfeitamente alinhado com o esp\u00edrito festivo da noite.<\/p>\n<p>A escolha recaiu sobre um vestido vermelho vibrante, de corte elegante e com capa integrada, criando um visual sofisticado e impactante.<\/p>\n<p>O tom vivo do vestido destacou-se entre as \u00e1rvores nevadas e as luzes natal\u00edcias do est\u00fadio, refor\u00e7ando a harmonia entre a apresentadora e o cen\u00e1rio.<\/p>\n<p>Com maquilhagem luminosa e acess\u00f3rios discretos, Cristina completou um look que une glamour, modernidade e o charme caracter\u00edstico da \u00e9poca, tornando-se um dos grandes destaques da gala.<\/p>\n<p>Percorra a galeria de fotografias que prepar\u00e1mos para si com as imagens do look deslumbrante de Cristina Ferreira.\u00a0<\/p>\n","protected":false},"excerpt":{"rendered":"Veja o look natal\u00edcio da apresentadora. Na gala em que se inaugurou a decora\u00e7\u00e3o de Natal do Secret&hellip;\n","protected":false},"author":2,"featured_media":179480,"comment_status":"","ping_status":"","sticky":false,"template":"","format":"standard","meta":{"footnotes":""},"categories":[142],"tags":[166,114,115,18672,18673,18674,4319,32,33,151],"class_list":{"0":"post-179479","1":"post","2":"type-post","3":"status-publish","4":"format-standard","5":"has-post-thumbnail","7":"category-tv","8":"tag-cristina-ferreira","9":"tag-entertainment","10":"tag-entretenimento","11":"tag-fotos-oficiais-secret-story","12":"tag-galerias-casa-dos-segredos","13":"tag-imagens-concorrentes-tvi","14":"tag-look","15":"tag-portugal","16":"tag-pt","17":"tag-tv"},"share_on_mastodon":{"url":"https:\/\/pubeurope.com\/@pt\/115681556144253240","error":""},"_links":{"self":[{"href":"https:\/\/www.europesays.com\/pt\/wp-json\/wp\/v2\/posts\/179479","targetHints":{"allow":["GET"]}}],"collection":[{"href":"https:\/\/www.europesays.com\/pt\/wp-json\/wp\/v2\/posts"}],"about":[{"href":"https:\/\/www.europesays.com\/pt\/wp-json\/wp\/v2\/types\/post"}],"author":[{"embeddable":true,"href":"https:\/\/www.europesays.com\/pt\/wp-json\/wp\/v2\/users\/2"}],"replies":[{"embeddable":true,"href":"https:\/\/www.europesays.com\/pt\/wp-json\/wp\/v2\/comments?post=179479"}],"version-history":[{"count":0,"href":"https:\/\/www.europesays.com\/pt\/wp-json\/wp\/v2\/posts\/179479\/revisions"}],"wp:featuredmedia":[{"embeddable":true,"href":"https:\/\/www.europesays.com\/pt\/wp-json\/wp\/v2\/media\/179480"}],"wp:attachment":[{"href":"https:\/\/www.europesays.com\/pt\/wp-json\/wp\/v2\/media?parent=179479"}],"wp:term":[{"taxonomy":"category","embeddable":true,"href":"https:\/\/www.europesays.com\/pt\/wp-json\/wp\/v2\/categories?post=179479"},{"taxonomy":"post_tag","embeddable":true,"href":"https:\/\/www.europesays.com\/pt\/wp-json\/wp\/v2\/tags?post=179479"}],"curies":[{"name":"wp","href":"https:\/\/api.w.org\/{rel}","templated":true}]}}