{"id":179487,"date":"2025-12-08T02:25:13","date_gmt":"2025-12-08T02:25:13","guid":{"rendered":"https:\/\/www.europesays.com\/pt\/179487\/"},"modified":"2025-12-08T02:25:13","modified_gmt":"2025-12-08T02:25:13","slug":"planeta-que-ferve-a-2-400-c-e-pode-ter-cristais-de-safira-noticias-r7","status":"publish","type":"post","link":"https:\/\/www.europesays.com\/pt\/179487\/","title":{"rendered":"Planeta que ferve a 2.400 \u00b0C e pode ter cristais de safira \u2013 Noticias R7"},"content":{"rendered":"<p><img decoding=\"async\" data-chromatic=\"ignore\" alt=\"\" class=\"c-image\" loading=\"lazy\" src=\"https:\/\/www.europesays.com\/pt\/wp-content\/uploads\/2025\/12\/DCLK47UKSNE2ZB2SBDQ73DUW3I.jpeg\"  width=\"2048\" height=\"1152\"\/>55 Cancri e um planeta de magma e cristais ultraduros a 2.400\u202f\u00b0C (Imagem: Gerada por IA\/ Gemini) Fala Ci\u00eancia <\/p>\n<p class=\"jarvics:base-text-neutral-high-400 base-text-[calc(theme(fontSize.xs)_*_var(--font-size,_1))] base-font-normal base-font-primary base-text-neutral-low-500 base-text-left\">\n<p>A busca por exoplanetas revelou mundos surpreendentes, mas poucos se comparam \u00e0 intensidade de <strong>55 Cancri e<\/strong>, localizado a apenas 40 anos-luz da Terra. Este <strong>exoplaneta rochoso<\/strong> desafia todas as expectativas: com temperaturas de <strong>2.400 \u00b0C<\/strong>, um <strong>oceano global de magma<\/strong> e a possibilidade de minerais cristalizados semelhantes a <strong>safiras<\/strong>, ele funciona como um verdadeiro laborat\u00f3rio natural de extremos c\u00f3smicos.<\/p>\n<\/p>\n<p class=\"jarvics:base-text-neutral-high-400 base-text-[calc(theme(fontSize.xs)_*_var(--font-size,_1))] base-font-normal base-font-primary base-text-neutral-low-500 base-text-left\">\n<p>Descoberto em 2004, 55 Cancri e \u00e9 oito vezes mais massivo que a Terra e orbita uma estrela do tipo K com uma dist\u00e2ncia m\u00ednima, apenas <strong>2,2 milh\u00f5es de quil\u00f4metros<\/strong>. Essa proximidade extrema resulta em condi\u00e7\u00f5es inimagin\u00e1veis, que transformam a superf\u00edcie em um mar incandescente e moldam sua atmosfera de maneiras \u00fanicas.<\/p>\n<\/p>\n<p class=\"jarvics:base-text-neutral-high-400 base-text-[calc(theme(fontSize.xs)_*_var(--font-size,_1))] base-font-normal base-font-primary base-text-neutral-low-500 base-text-left\"><strong>Um mundo em constante ebuli\u00e7\u00e3o<\/strong><\/p>\n<p><img decoding=\"async\" data-chromatic=\"ignore\" alt=\"\" class=\"c-image\" loading=\"lazy\" src=\"https:\/\/www.europesays.com\/pt\/wp-content\/uploads\/2025\/12\/6BOI23BR4VAKHOLYJBLJ222OAQ.jpeg\"  width=\"1024\" height=\"576\"\/>Super Terra incandescente com oceano de lava e safiras naturais (Imagem: ESA\/Hubble, M. Kornesser)<br \/>\n Fala Ci\u00eancia <\/p>\n<p class=\"jarvics:base-text-neutral-high-400 base-text-[calc(theme(fontSize.xs)_*_var(--font-size,_1))] base-font-normal base-font-primary base-text-neutral-low-500 base-text-left\">\n<p>O planeta apresenta caracter\u00edsticas incomuns e fascinantes:<\/p>\n<\/p>\n<p class=\"jarvics:base-text-neutral-high-400 base-text-[calc(theme(fontSize.xs)_*_var(--font-size,_1))] base-font-normal base-font-primary base-text-neutral-low-500 base-text-left\">\n<ul class=\"wp-block-list\">\n<li>\n<strong>Oceano de magma:<\/strong> a superf\u00edcie derrete continuamente sob a intensa radia\u00e7\u00e3o estelar;<\/li>\n<li>\n<strong>Cristais ultraduros:<\/strong> minerais como cor\u00edndon podem se solidificar temporariamente, formando estruturas semelhantes a safiras;<\/li>\n<li>\n<strong>Hemisf\u00e9rio bloqueado por mar\u00e9:<\/strong> um lado sempre iluminado, o outro em escurid\u00e3o total;<\/li>\n<li>\n<strong>\u00d3rbita rapid\u00edssima:<\/strong> completa uma volta em apenas meio dia terrestre, mantendo instabilidade t\u00e9rmica constante;<\/li>\n<li>\n<strong>Atmosfera regenerada pelo magma:<\/strong> gases liberados pelo oceano de lava criam um ciclo de renova\u00e7\u00e3o cont\u00ednuo.<\/li>\n<\/ul>\n<p class=\"jarvics:base-text-neutral-high-400 base-text-[calc(theme(fontSize.xs)_*_var(--font-size,_1))] base-font-normal base-font-primary base-text-neutral-low-500 base-text-left\">\n<p>Essa configura\u00e7\u00e3o gera contrastes extremos entre o hemisf\u00e9rio diurno e noturno, enquanto a atmosfera. possivelmente rica em <strong>CO\u2082<\/strong> ou <strong>CO<\/strong>, ajuda a redistribuir parte do calor.<\/p>\n<\/p>\n<p class=\"jarvics:base-text-neutral-high-400 base-text-[calc(theme(fontSize.xs)_*_var(--font-size,_1))] base-font-normal base-font-primary base-text-neutral-low-500 base-text-left\"><strong>Safiras e lava: a geologia de um planeta extremo<\/strong><\/p>\n<p class=\"jarvics:base-text-neutral-high-400 base-text-[calc(theme(fontSize.xs)_*_var(--font-size,_1))] base-font-normal base-font-primary base-text-neutral-low-500 base-text-left\">\n<p>Por anos, 55 Cancri e foi apelidado de \u201cplaneta de diamante\u201d, mas estudos recentes sugerem um <strong>cen\u00e1rio mineral\u00f3gico diferente<\/strong>. O <strong>cor\u00edndon<\/strong>, base das safiras e rubis, pode se formar temporariamente na superf\u00edcie antes de derreter novamente. Este fen\u00f4meno demonstra como <strong>press\u00f5es e temperaturas extremas<\/strong> moldam minerais em condi\u00e7\u00f5es totalmente fora da experi\u00eancia terrestre.<\/p>\n<\/p>\n<p class=\"jarvics:base-text-neutral-high-400 base-text-[calc(theme(fontSize.xs)_*_var(--font-size,_1))] base-font-normal base-font-primary base-text-neutral-low-500 base-text-left\">\n<p>Embora totalmente <strong>inabit\u00e1vel<\/strong>, 55 Cancri e oferece insights valiosos sobre a evolu\u00e7\u00e3o de <strong>mundos rochosos pr\u00f3ximos a estrelas<\/strong>. Para os cientistas, estudar esse planeta significa entender:<\/p>\n<\/p>\n<p class=\"jarvics:base-text-neutral-high-400 base-text-[calc(theme(fontSize.xs)_*_var(--font-size,_1))] base-font-normal base-font-primary base-text-neutral-low-500 base-text-left\">\n<ul class=\"wp-block-list\">\n<li>Como <strong>superf\u00edcies inteiras se derretem<\/strong> sob calor extremo;<\/li>\n<li>O processo de <strong>cristaliza\u00e7\u00e3o de minerais raros<\/strong> em condi\u00e7\u00f5es fora do comum;<\/li>\n<li>Como <strong>atmosferas podem ser criadas, destru\u00eddas e regeneradas<\/strong> repetidamente.<\/li>\n<\/ul>\n<p class=\"jarvics:base-text-neutral-high-400 base-text-[calc(theme(fontSize.xs)_*_var(--font-size,_1))] base-font-normal base-font-primary base-text-neutral-low-500 base-text-left\">\n<p>Portanto, 55 Cancri e expande nossa compreens\u00e3o do que significa ser um <strong>exoplaneta rochoso<\/strong>, lembrando que o cosmos abriga mundos muito al\u00e9m do que conhecemos em nosso Sistema Solar.<\/p><\/p>\n","protected":false},"excerpt":{"rendered":"55 Cancri e um planeta de magma e cristais ultraduros a 2.400\u202f\u00b0C (Imagem: Gerada por IA\/ Gemini) Fala&hellip;\n","protected":false},"author":2,"featured_media":179488,"comment_status":"","ping_status":"","sticky":false,"template":"","format":"standard","meta":{"footnotes":""},"categories":[84],"tags":[109,107,108,32,33,105,103,104,106,110],"class_list":{"0":"post-179487","1":"post","2":"type-post","3":"status-publish","4":"format-standard","5":"has-post-thumbnail","7":"category-ciencia-e-tecnologia","8":"tag-ciencia","9":"tag-ciencia-e-tecnologia","10":"tag-cienciaetecnologia","11":"tag-portugal","12":"tag-pt","13":"tag-science","14":"tag-science-and-technology","15":"tag-scienceandtechnology","16":"tag-technology","17":"tag-tecnologia"},"share_on_mastodon":{"url":"https:\/\/pubeurope.com\/@pt\/115681580090865431","error":""},"_links":{"self":[{"href":"https:\/\/www.europesays.com\/pt\/wp-json\/wp\/v2\/posts\/179487","targetHints":{"allow":["GET"]}}],"collection":[{"href":"https:\/\/www.europesays.com\/pt\/wp-json\/wp\/v2\/posts"}],"about":[{"href":"https:\/\/www.europesays.com\/pt\/wp-json\/wp\/v2\/types\/post"}],"author":[{"embeddable":true,"href":"https:\/\/www.europesays.com\/pt\/wp-json\/wp\/v2\/users\/2"}],"replies":[{"embeddable":true,"href":"https:\/\/www.europesays.com\/pt\/wp-json\/wp\/v2\/comments?post=179487"}],"version-history":[{"count":0,"href":"https:\/\/www.europesays.com\/pt\/wp-json\/wp\/v2\/posts\/179487\/revisions"}],"wp:featuredmedia":[{"embeddable":true,"href":"https:\/\/www.europesays.com\/pt\/wp-json\/wp\/v2\/media\/179488"}],"wp:attachment":[{"href":"https:\/\/www.europesays.com\/pt\/wp-json\/wp\/v2\/media?parent=179487"}],"wp:term":[{"taxonomy":"category","embeddable":true,"href":"https:\/\/www.europesays.com\/pt\/wp-json\/wp\/v2\/categories?post=179487"},{"taxonomy":"post_tag","embeddable":true,"href":"https:\/\/www.europesays.com\/pt\/wp-json\/wp\/v2\/tags?post=179487"}],"curies":[{"name":"wp","href":"https:\/\/api.w.org\/{rel}","templated":true}]}}