{"id":179489,"date":"2025-12-08T02:30:32","date_gmt":"2025-12-08T02:30:32","guid":{"rendered":"https:\/\/www.europesays.com\/pt\/179489\/"},"modified":"2025-12-08T02:30:32","modified_gmt":"2025-12-08T02:30:32","slug":"apos-gala-dos-sonhos-laura-figueiredo-fala-sobre-sara-carreira","status":"publish","type":"post","link":"https:\/\/www.europesays.com\/pt\/179489\/","title":{"rendered":"Ap\u00f3s Gala dos Sonhos, Laura Figueiredo fala sobre&#8230; Sara Carreira"},"content":{"rendered":"<p>Menos de 24 horas ap\u00f3s a Gala dos Sonhos, que decorreu no passado s\u00e1bado, dia 6, no Campo Pequeno, em Lisboa, <a href=\"https:\/\/selfie.iol.pt\/famosos\/mickael-carreira\/laura-figueiredo-revela-fotos-ineditas-da-filha-e-avisa-nao-se-deixem-enganar\/20251129\/692abfa6d34e3caad84bd890\" target=\"_blank\" rel=\"nofollow noopener\">Laura Figueiredo<\/a> recorreu ao Instagram para deixar uma emotiva mensagem sobre <a href=\"https:\/\/selfie.iol.pt\/famosos\/gala-dos-sonhos\/tony-carreira-confessa-ainda-continua-a-ser-muito-complicado-olhar-para-videos-da-sara\/20251206\/693498d0d34e2bd5c6d4d28f\" target=\"_blank\" rel=\"nofollow noopener\">Sara Carreira<\/a>.<\/p>\n<p>&#8220;Algumas pessoas passam pela vida, outras ficam para sempre. A Sara ficou, ficou no amor que uniu todos nesta gala, ficou nos sonhos que hoje ganham asas, ficou no bem que continua a multiplicar-se&#8221;, come\u00e7ou por referir a influenciadora digital na legenda de uma s\u00e9rie de fotografias do look escolhido para esta noite \u00fanica.<\/p>\n<p>De seguida, a companheira de <a href=\"https:\/\/selfie.iol.pt\/famosos\/gala-dos-sonhos\/mickael-carreira-num-dia-como-este-para-mim-cantar-e-sempre-mais-dificil\/20251206\/6934aff8d34e2bd5c6d4d345\" target=\"_blank\" rel=\"nofollow noopener\">Mickael Carreira<\/a> garantiu: &#8220;Esta noite \u00e9 dela e o futuro \u00e9 de todos que acreditam. Mais uma vez, obrigada a todos que tanto nos ajudaram nestes cinco anos.&#8221;<\/p>\n<p>Veja, agora, as imagens do look de Laura Figueiredo na galeria de fotografias que prepar\u00e1mos para si.<\/p>\n","protected":false},"excerpt":{"rendered":"Menos de 24 horas ap\u00f3s a Gala dos Sonhos, que decorreu no passado s\u00e1bado, dia 6, no Campo&hellip;\n","protected":false},"author":2,"featured_media":179490,"comment_status":"","ping_status":"","sticky":false,"template":"","format":"standard","meta":{"footnotes":""},"categories":[145],"tags":[36804,211,210,114,115,980,36822,1015,23537,619,32,33,28631,1012,162],"class_list":{"0":"post-179489","1":"post","2":"type-post","3":"status-publish","4":"format-standard","5":"has-post-thumbnail","7":"category-celebridades","8":"tag-associacao-sara-carreira","9":"tag-celebridades","10":"tag-celebrities","11":"tag-entertainment","12":"tag-entretenimento","13":"tag-famosos","14":"tag-gala-dos-sonhos","15":"tag-instagram","16":"tag-laura-figueiredo","17":"tag-nacional","18":"tag-portugal","19":"tag-pt","20":"tag-sara-carreira","21":"tag-selfie","22":"tag-tvi"},"share_on_mastodon":{"url":"https:\/\/pubeurope.com\/@pt\/115681599390245498","error":""},"_links":{"self":[{"href":"https:\/\/www.europesays.com\/pt\/wp-json\/wp\/v2\/posts\/179489","targetHints":{"allow":["GET"]}}],"collection":[{"href":"https:\/\/www.europesays.com\/pt\/wp-json\/wp\/v2\/posts"}],"about":[{"href":"https:\/\/www.europesays.com\/pt\/wp-json\/wp\/v2\/types\/post"}],"author":[{"embeddable":true,"href":"https:\/\/www.europesays.com\/pt\/wp-json\/wp\/v2\/users\/2"}],"replies":[{"embeddable":true,"href":"https:\/\/www.europesays.com\/pt\/wp-json\/wp\/v2\/comments?post=179489"}],"version-history":[{"count":0,"href":"https:\/\/www.europesays.com\/pt\/wp-json\/wp\/v2\/posts\/179489\/revisions"}],"wp:featuredmedia":[{"embeddable":true,"href":"https:\/\/www.europesays.com\/pt\/wp-json\/wp\/v2\/media\/179490"}],"wp:attachment":[{"href":"https:\/\/www.europesays.com\/pt\/wp-json\/wp\/v2\/media?parent=179489"}],"wp:term":[{"taxonomy":"category","embeddable":true,"href":"https:\/\/www.europesays.com\/pt\/wp-json\/wp\/v2\/categories?post=179489"},{"taxonomy":"post_tag","embeddable":true,"href":"https:\/\/www.europesays.com\/pt\/wp-json\/wp\/v2\/tags?post=179489"}],"curies":[{"name":"wp","href":"https:\/\/api.w.org\/{rel}","templated":true}]}}