{"id":179492,"date":"2025-12-08T02:35:10","date_gmt":"2025-12-08T02:35:10","guid":{"rendered":"https:\/\/www.europesays.com\/pt\/179492\/"},"modified":"2025-12-08T02:35:10","modified_gmt":"2025-12-08T02:35:10","slug":"volta-de-tobey-maguire-pode-destruir-o-recorde-que-pertence-a-tom-holland","status":"publish","type":"post","link":"https:\/\/www.europesays.com\/pt\/179492\/","title":{"rendered":"Volta de Tobey Maguire pode destruir o recorde que pertence a Tom Holland"},"content":{"rendered":"<p><strong>Homem-Aranha<\/strong> \u00e9 o her\u00f3i mais popular da Marvel, e que j\u00e1 ganhou tr\u00eas \u00f3timas vers\u00f5es em live-action, vividas por <a href=\"https:\/\/legadodamarvel.com.br\/tag\/tobey-maguire\" rel=\"nofollow noopener\" target=\"_blank\">Tobey Maguire<\/a>, <a href=\"https:\/\/legadodamarvel.com.br\/tag\/andrew-garfield\/\" rel=\"nofollow noopener\" target=\"_blank\">Andrew Garfield<\/a> e <a href=\"https:\/\/legadodamarvel.com.br\/tag\/tom-holland\/\" rel=\"nofollow noopener\" target=\"_blank\">Tom Holland<\/a>.<\/p>\n<p>As tr\u00eas vers\u00f5es do her\u00f3i puderam se encontrar em <a href=\"https:\/\/legadodamarvel.com.br\/tag\/homem-aranha-sem-volta-para-casa\" rel=\"nofollow noopener\" target=\"_blank\">Homem-Aranha: Sem Volta Para Casa<\/a>, filme de 2021 que se tornou um completo fen\u00f4meno.<\/p>\n<p>No entanto, se engana quem pensou que aquele seria o fim do Tobey Maguire. Esta volta do ator abriu brecha para mais participa\u00e7\u00f5es no futuro da Marvel.<\/p>\n<p>Homem-Aranha do Tobey Maguire pode tirar recorde de Tom Holland!<\/p>\n<p>Cuidado com poss\u00edveis spoilers: recentemente, vazou a informa\u00e7\u00e3o de que a vers\u00e3o do Tobey marcar\u00e1 presen\u00e7a em <a href=\"https:\/\/legadodamarvel.com.br\/filme\/vingadores-doomsday\" rel=\"nofollow noopener\" target=\"_blank\">Vingadores: Doomsday<\/a>. Sim, o novo filme da equipe da Marvel, marcado para dezembro de 2026, contar\u00e1 com o retorno do her\u00f3i.<\/p>\n<p>E n\u00e3o para por a\u00ed. H\u00e1 rumores de que o personagem tamb\u00e9m apare\u00e7a na sequ\u00eancia, <a href=\"https:\/\/legadodamarvel.com.br\/filme\/vingadores-guerras-secretas\" rel=\"nofollow noopener\" target=\"_blank\">Vingadores: Guerras Secretas<\/a>, marcado para estrear em dezembro de 2027.<\/p>\n<p>E o Tom Holland? Bem, ele n\u00e3o estar\u00e1 em Vingadores 5. O personagem ficou de fora por conflitos de agenda do ator, que estava ocupando gravando A Odisseia e <a href=\"https:\/\/legadodamarvel.com.br\/tag\/homem-aranha-um-novo-dia\" rel=\"nofollow noopener\" target=\"_blank\">Homem-Aranha: Um Novo Dia<\/a>.<\/p>\n<p>O rumor, ali\u00e1s, \u00e9 que o Homem-Aranha do Tobey Maguire entrou justamente para substitu\u00ed-lo, pois a Marvel queria alguma vers\u00e3o do her\u00f3i no filme.<\/p>\n<p>Recorde amea\u00e7ado?<\/p>\n<p>At\u00e9 o momento, Tom Holland \u00e9 o ator com maior n\u00famero de apari\u00e7\u00f5es como o Homem-Aranha em live-action. No entanto, o retorno com for\u00e7a de Tobey Maguire pode amea\u00e7ar esta fa\u00e7anha.<\/p>\n<p>Tobey est\u00e1 em Vingadores: Doomsday e possivelmente em Guerras Secretas, dois filmes que, at\u00e9 o momento, ainda n\u00e3o confirmaram o Tom Holland. Al\u00e9m disso, h\u00e1 v\u00e1rios rumores de que a <a href=\"https:\/\/www.sonypictures.com\/movies\" rel=\"nofollow noopener\" target=\"_blank\">Sony<\/a> pretende finalmente realizar o 4\u00ba Homem-Aranha solo do Tobey Maguire. O pr\u00f3prio diretor <a href=\"https:\/\/legadodamarvel.com.br\/tag\/sam-raimi\" rel=\"nofollow noopener\" target=\"_blank\">Sam Raimi<\/a> j\u00e1 afirmou em entrevistas que aceita retornar.<\/p>\n<p>De qualquer forma, ainda devemos ver muito dos dois her\u00f3is. Parece que s\u00f3 o Andrew Garfield ainda n\u00e3o tem um futuro promissor como o Aranha no futuro da Marvel.<\/p>\n<p><strong>LEIA TAMB\u00c9M:<\/strong><\/p>\n<p>O que acharam? Deixe sua opini\u00e3o nos coment\u00e1rios e, por fim, continue acompanhando o\u00a0<strong>Legado da Marvel\u00a0<\/strong>para n\u00e3o perder nenhuma novidade!<\/p>\n","protected":false},"excerpt":{"rendered":"Homem-Aranha \u00e9 o her\u00f3i mais popular da Marvel, e que j\u00e1 ganhou tr\u00eas \u00f3timas vers\u00f5es em live-action, vividas&hellip;\n","protected":false},"author":2,"featured_media":179493,"comment_status":"","ping_status":"","sticky":false,"template":"","format":"standard","meta":{"footnotes":""},"categories":[140],"tags":[114,115,147,148,5814,146,32,33,12151,6705],"class_list":{"0":"post-179492","1":"post","2":"type-post","3":"status-publish","4":"format-standard","5":"has-post-thumbnail","7":"category-filmes","8":"tag-entertainment","9":"tag-entretenimento","10":"tag-film","11":"tag-filmes","12":"tag-homem-aranha","13":"tag-movies","14":"tag-portugal","15":"tag-pt","16":"tag-tobey-maguire","17":"tag-tom-holland"},"share_on_mastodon":{"url":"https:\/\/pubeurope.com\/@pt\/115681618980448380","error":""},"_links":{"self":[{"href":"https:\/\/www.europesays.com\/pt\/wp-json\/wp\/v2\/posts\/179492","targetHints":{"allow":["GET"]}}],"collection":[{"href":"https:\/\/www.europesays.com\/pt\/wp-json\/wp\/v2\/posts"}],"about":[{"href":"https:\/\/www.europesays.com\/pt\/wp-json\/wp\/v2\/types\/post"}],"author":[{"embeddable":true,"href":"https:\/\/www.europesays.com\/pt\/wp-json\/wp\/v2\/users\/2"}],"replies":[{"embeddable":true,"href":"https:\/\/www.europesays.com\/pt\/wp-json\/wp\/v2\/comments?post=179492"}],"version-history":[{"count":0,"href":"https:\/\/www.europesays.com\/pt\/wp-json\/wp\/v2\/posts\/179492\/revisions"}],"wp:featuredmedia":[{"embeddable":true,"href":"https:\/\/www.europesays.com\/pt\/wp-json\/wp\/v2\/media\/179493"}],"wp:attachment":[{"href":"https:\/\/www.europesays.com\/pt\/wp-json\/wp\/v2\/media?parent=179492"}],"wp:term":[{"taxonomy":"category","embeddable":true,"href":"https:\/\/www.europesays.com\/pt\/wp-json\/wp\/v2\/categories?post=179492"},{"taxonomy":"post_tag","embeddable":true,"href":"https:\/\/www.europesays.com\/pt\/wp-json\/wp\/v2\/tags?post=179492"}],"curies":[{"name":"wp","href":"https:\/\/api.w.org\/{rel}","templated":true}]}}