{"id":179496,"date":"2025-12-08T02:38:12","date_gmt":"2025-12-08T02:38:12","guid":{"rendered":"https:\/\/www.europesays.com\/pt\/179496\/"},"modified":"2025-12-08T02:38:12","modified_gmt":"2025-12-08T02:38:12","slug":"vera-responde-a-dylan-sobre-ausencia-na-gala-de-hoje-completamente-deturpado-absurdo-secret-story","status":"publish","type":"post","link":"https:\/\/www.europesays.com\/pt\/179496\/","title":{"rendered":"Vera responde a Dylan sobre aus\u00eancia na gala de hoje: \u00abCompletamente deturpado (&#8230;) absurdo\u00bb &#8211; Secret Story"},"content":{"rendered":"<p>A aus\u00eancia de Vera na gala desta noite foi notada numa conversa entre Dylan &#8211; com quem Vera teve um envolvimento dentro do Secret Story 9 (<a href=\"https:\/\/tvi.iol.pt\/secretstory\/dylan\/vera\/em-choque-dylan-reage-ao-fenomeno-vera-se-fosse-eu-a-enfiar-lhe-quatro-chapadas\" rel=\"nofollow noopener\" target=\"_blank\">que acabou com uma agress\u00e3o que a levou \u00e0 expuls\u00e3o<\/a>) &#8211; e Cristina Ferreira, que lhe perguntou se eles j\u00e1 tinham estado juntos.\u00a0<\/p>\n<p>O ex-concorrente negou e acusou a antiga colega de n\u00e3o ir \u00e0s galas com medo de se encontrar com ele: \u00abEla tem medo de vir, na semana passada n\u00e3o veio, devia saber que eu ia sair, esta semana eu estou c\u00e1 tamb\u00e9m n\u00e3o veio. A ver se vem para a semana\u00bb, disse.\u00a0<\/p>\n<p>Vera n\u00e3o sei deixou ficar e mesmo n\u00e3o estando em est\u00fadio respondeu a Dylan e foi implac\u00e1vel: \u00abQuero esclarecer um ponto que foi completamente deturpado: n\u00e3o faltei a nenhuma gala por medo de ningu\u00e9m\u00bb, disse.\u00a0<\/p>\n<p>\u00abEsta narrativa \u00e9 t\u00e3o absurda quanto conveniente para quem precisa de inventar hist\u00f3rias para se manter relevante. Durante o programa mostrei v\u00e1rias vezes que n\u00e3o me intimido com provoca\u00e7\u00f5es e quem acompanhou sabe disso perfeitamente\u00bb, acrescentou.\u00a0<\/p>\n<p>Vera continuou a explica\u00e7\u00e3o: \u00abA verdade \u00e9 simples: eu n\u00e3o fui \u00e0s galas porque tenho uma vida c\u00e1 fora, com responsabilidades e prioridades reais. A minha imagem, o meu tempo e o meu bem-estar valem muito mais (&#8230;) fiz uma escolha consciente de preservar aquilo que realmente importa: a minha vida, o meu trabalho e a minha dignidade e estar com as minhas filhas\u00bb.\u00a0<\/p>\n<p><img loading=\"lazy\" decoding=\"async\" alt=\"\" height=\"659\" src=\"https:\/\/www.europesays.com\/pt\/wp-content\/uploads\/2025\/12\/69360ecbd34e3caad84c21bc.webp\" width=\"400\"\/><\/p>\n<p>Horas antes, <a href=\"https:\/\/tvi.iol.pt\/secretstory\/vera\/dylan\/vera-celebra-expulsao-de-dylan-e-defende-se-de-criticas-mais-vergonha-tinha-eu-de\" rel=\"nofollow noopener\" target=\"_blank\">Vera j\u00e1 tinha recorrido \u00e0s redes sociais <\/a>antecipando-se a explicar o porqu\u00ea de n\u00e3o marcar presen\u00e7a na gala desta noite e segundo a mesma, nada tem a ver com Dylan ou com qualquer outro ex-concorrente, mas sim com motivos pessoais.\u00a0<\/p>\n<p>\u00abDevido \u00e0s imensas mensagens a perguntar se vou \u00e0 gala hoje, fa\u00e7o esta publica\u00e7\u00e3o para ser mais f\u00e1cil responder: N\u00e3o, n\u00e3o vou \u00e0 gala hoje. Ontem foi um dia super divertido, sinto-me cansada, preciso descansar e acima de tudo estar com as minhas princesas (filhas)\u00bb, afirmou.<\/p>\n<p><img loading=\"lazy\" decoding=\"async\" alt=\"\" height=\"717\" src=\"https:\/\/www.europesays.com\/pt\/wp-content\/uploads\/2025\/12\/69360aa3d34e2bd5c6d4d992.webp\" width=\"400\"\/><\/p>\n<p>Na mesma mensagem &#8211; publicada nos stories do Instagram &#8211; Vera rematou com uma revela\u00e7\u00e3o e um agradecimento: \u00abAmanh\u00e3 temos um dia especial em fam\u00edlia. Beijo e boa gala a todos, obrigada por todo o carinho\u00bb, afirmou.\u00a0<\/p>\n","protected":false},"excerpt":{"rendered":"A aus\u00eancia de Vera na gala desta noite foi notada numa conversa entre Dylan &#8211; com quem Vera&hellip;\n","protected":false},"author":2,"featured_media":158503,"comment_status":"","ping_status":"","sticky":false,"template":"","format":"standard","meta":{"footnotes":""},"categories":[85],"tags":[18706,114,115,18705,32,33,11841,18704],"class_list":{"0":"post-179496","1":"post","2":"type-post","3":"status-publish","4":"format-standard","5":"has-post-thumbnail","7":"category-entretenimento","8":"tag-bastidores-secret-story","9":"tag-entertainment","10":"tag-entretenimento","11":"tag-entrevistas-concorrentes-tvi","12":"tag-portugal","13":"tag-pt","14":"tag-vera","15":"tag-vida-fora-da-casa"},"share_on_mastodon":{"url":"https:\/\/pubeurope.com\/@pt\/115681631572487426","error":""},"_links":{"self":[{"href":"https:\/\/www.europesays.com\/pt\/wp-json\/wp\/v2\/posts\/179496","targetHints":{"allow":["GET"]}}],"collection":[{"href":"https:\/\/www.europesays.com\/pt\/wp-json\/wp\/v2\/posts"}],"about":[{"href":"https:\/\/www.europesays.com\/pt\/wp-json\/wp\/v2\/types\/post"}],"author":[{"embeddable":true,"href":"https:\/\/www.europesays.com\/pt\/wp-json\/wp\/v2\/users\/2"}],"replies":[{"embeddable":true,"href":"https:\/\/www.europesays.com\/pt\/wp-json\/wp\/v2\/comments?post=179496"}],"version-history":[{"count":0,"href":"https:\/\/www.europesays.com\/pt\/wp-json\/wp\/v2\/posts\/179496\/revisions"}],"wp:featuredmedia":[{"embeddable":true,"href":"https:\/\/www.europesays.com\/pt\/wp-json\/wp\/v2\/media\/158503"}],"wp:attachment":[{"href":"https:\/\/www.europesays.com\/pt\/wp-json\/wp\/v2\/media?parent=179496"}],"wp:term":[{"taxonomy":"category","embeddable":true,"href":"https:\/\/www.europesays.com\/pt\/wp-json\/wp\/v2\/categories?post=179496"},{"taxonomy":"post_tag","embeddable":true,"href":"https:\/\/www.europesays.com\/pt\/wp-json\/wp\/v2\/tags?post=179496"}],"curies":[{"name":"wp","href":"https:\/\/api.w.org\/{rel}","templated":true}]}}