{"id":179507,"date":"2025-12-08T02:52:16","date_gmt":"2025-12-08T02:52:16","guid":{"rendered":"https:\/\/www.europesays.com\/pt\/179507\/"},"modified":"2025-12-08T02:52:16","modified_gmt":"2025-12-08T02:52:16","slug":"veja-todas-as-novidades-para-a-gala-do-secret-story-desta-noite-7-de-dezembro","status":"publish","type":"post","link":"https:\/\/www.europesays.com\/pt\/179507\/","title":{"rendered":"Veja todas as novidades para a gala do Secret Story desta noite [7 de dezembro]"},"content":{"rendered":"<p>\t\t\t\t\t\t\t\t\t\t\t\t<a href=\"#\" onclick=\"window.open('http:\/\/www.facebook.com\/sharer.php?u=https:\/\/cusquices.com\/veja-todas-as-novidades-para-a-gala-do-secret-story-desta-noite-7-de-dezembro\/&amp;t=Veja todas as novidades para a gala do Secret Story desta noite [7 de dezembro]', 'facebookShare', 'width=626,height=436'); return false;\" title=\"Share on Facebook\"><\/p>\n<p>Share<\/p>\n<p><\/a><br \/>\n\t\t\t\t\t\t\t\t\t\t\t\t<a href=\"#\" onclick=\"window.open('http:\/\/twitter.com\/share?text=Veja todas as novidades para a gala do Secret Story desta noite [7 de dezembro] -&amp;url=https:\/\/cusquices.com\/veja-todas-as-novidades-para-a-gala-do-secret-story-desta-noite-7-de-dezembro\/', 'twitterShare', 'width=626,height=436'); return false;\" title=\"Tweet This Post\"><\/p>\n<p>Tweet<\/p>\n<p><\/a><br \/>\n\t\t\t\t\t\t\t\t\t\t\t\t<a href=\"whatsapp:\/\/send?text=Veja todas as novidades para a gala do Secret Story desta noite [7 de dezembro] https:\/\/cusquices.com\/veja-todas-as-novidades-para-a-gala-do-secret-story-desta-noite-7-de-dezembro\/\" rel=\"nofollow\"><\/p>\n<p>Share<\/p>\n<p><\/a><br \/>\n\t\t\t\t\t\t\t\t\t\t\t\t<a href=\"#\" onclick=\"window.open('http:\/\/pinterest.com\/pin\/create\/button\/?url=https:\/\/cusquices.com\/veja-todas-as-novidades-para-a-gala-do-secret-story-desta-noite-7-de-dezembro\/&amp;media=https:\/\/cusquices.com\/wp-content\/uploads\/2025\/12\/cristina-cf-1000x600.jpg&amp;description=Veja todas as novidades para a gala do Secret Story desta noite [7 de dezembro]', 'pinterestShare', 'width=750,height=350'); return false;\" title=\"Pin This Post\"><\/p>\n<p>Share<\/p>\n<p><\/a><br \/>\n\t\t\t\t\t\t\t\t\t\t\t\t<a href=\"mailto:?subject=Veja todas as novidades para a gala do Secret Story desta noite [7 de dezembro]&amp;BODY=I found this article interesting and thought of sharing it with you. Check it out: https:\/\/cusquices.com\/veja-todas-as-novidades-para-a-gala-do-secret-story-desta-noite-7-de-dezembro\/\"><\/p>\n<p>Email<\/p>\n<p><\/a><br \/>\n\t\t\t\t\t\t\t\t\t\t\t\t\t\t\t\t\t\t\t\t\t\t\t\t\t\t\t\t\t\t\t\t\t\t\t\t\t\t\t\t\t\t\t\t\t\t\t\t\t\t\t\t\t<a href=\"https:\/\/cusquices.com\/veja-todas-as-novidades-para-a-gala-do-secret-story-desta-noite-7-de-dezembro\/#respond\" rel=\"nofollow noopener\" target=\"_blank\"><\/p>\n<p>TVI levanta a ponta do v\u00e9u e revela algumas das novidades que v\u00e3o marcar a gala desta noite.<\/p>\n<p>Este domingo, 7 de dezembro, a casa mais vigiada do pa\u00eds volta a abrir as portas para mais uma gala decisiva. C<strong>ristina Ferreira\u00a0<\/strong>conduz mais uma gala que promete emo\u00e7\u00f5es fortes, onde um dos cinco nomeados \u2014\u00a0<strong>Bruna, Liliana, Marisa e Pedro<\/strong>\u00a0\u2014 ser\u00e1 expulso do\u00a0<strong>Secret Story 9.<\/strong><\/p>\n<blockquote class=\"instagram-media\" data-instgrm-captioned=\"\" data-instgrm-permalink=\"https:\/\/www.instagram.com\/p\/DR7mBI2DGJi\/?utm_source=ig_embed&amp;utm_campaign=loading\" data-instgrm-version=\"14\" style=\" background:#FFF; border:0; border-radius:3px; box-shadow:0 0 1px 0 rgba(0,0,0,0.5),0 1px 10px 0 rgba(0,0,0,0.15); margin: 1px; max-width:540px; min-width:326px; padding:0; width:99.375%; width:-webkit-calc(100% - 2px); width:calc(100% - 2px);\"\/>\n<p>A TVI j\u00e1 come\u00e7ou a levantar a ponta do v\u00e9u e a revelar algumas das novidades que v\u00e3o marcar a gala desta noite.<\/p>\n<p>A esta\u00e7\u00e3o de Queluz de Baixo promete surpreender com as novas decora\u00e7\u00f5es da casa, que ser\u00e3o reveladas: <strong>\u201cEsta noite a nova decora\u00e7\u00e3o da casa vai surpreender! A Voz garantiu que o Natal no Secret Story vai ser m\u00e1gico!\u201d<\/strong><\/p>\n<blockquote class=\"instagram-media\" data-instgrm-captioned=\"\" data-instgrm-permalink=\"https:\/\/www.instagram.com\/p\/DR97fzaDOgE\/?utm_source=ig_embed&amp;utm_campaign=loading\" data-instgrm-version=\"14\" style=\" background:#FFF; border:0; border-radius:3px; box-shadow:0 0 1px 0 rgba(0,0,0,0.5),0 1px 10px 0 rgba(0,0,0,0.15); margin: 1px; max-width:540px; min-width:326px; padding:0; width:99.375%; width:-webkit-calc(100% - 2px); width:calc(100% - 2px);\"\/>\n<p>Quem \u00e9 o maior antagonista? A TVI promete que vamos descobrir esta noite: <strong>\u201cA menos de um m\u00eas da Final, quem \u00e9 o maior antagonista dos concorrentes? Descubra tudo, esta noite!\u201d<\/strong><\/p>\n<blockquote class=\"instagram-media\" data-instgrm-captioned=\"\" data-instgrm-permalink=\"https:\/\/www.instagram.com\/p\/DR-Dz0zjNHJ\/?utm_source=ig_embed&amp;utm_campaign=loading\" data-instgrm-version=\"14\" style=\" background:#FFF; border:0; border-radius:3px; box-shadow:0 0 1px 0 rgba(0,0,0,0.5),0 1px 10px 0 rgba(0,0,0,0.15); margin: 1px; max-width:540px; min-width:326px; padding:0; width:99.375%; width:-webkit-calc(100% - 2px); width:calc(100% - 2px);\"\/>\n<p>Os concorrentes v\u00e3o ainda p\u00f4r tudo em pratos limpos esta noite.<\/p>\n<blockquote class=\"instagram-media\" data-instgrm-captioned=\"\" data-instgrm-permalink=\"https:\/\/www.instagram.com\/p\/DR-KYu_jPJb\/?utm_source=ig_embed&amp;utm_campaign=loading\" data-instgrm-version=\"14\" style=\" background:#FFF; border:0; border-radius:3px; box-shadow:0 0 1px 0 rgba(0,0,0,0.5),0 1px 10px 0 rgba(0,0,0,0.15); margin: 1px; max-width:540px; min-width:326px; padding:0; width:99.375%; width:-webkit-calc(100% - 2px); width:calc(100% - 2px);\"\/>\n<p>\t\t\t\t\t\t\t\t\t\t\t\t\t\t\t\t\t\t\t\t\t\t\t\t\t<img decoding=\"async\" src=\"https:\/\/www.europesays.com\/pt\/wp-content\/uploads\/2025\/10\/cusquices-logo-52x.png\" class=\"webpexpress-processed\"\/><\/p>\n<p>\t\t\t\t\t\t\t\t\t\t\t\t\t\t\t\t\t\t\t\t\t            \t\t\t\t\t\t\t\t\t\t\t\t\t\t\t\t\t\t\t\t\t\t\t\t\t\t\t\t\t\t\t\t\t\t\t\t\t\t\t<script async src=\"https:\/\/platform.twitter.com\/widgets.js\" charset=\"utf-8\"><\/script><script async src=\"\/\/www.instagram.com\/embed.js\"><\/script><\/p>\n","protected":false},"excerpt":{"rendered":"Share Tweet Share Share Email TVI levanta a ponta do v\u00e9u e revela algumas das novidades que v\u00e3o&hellip;\n","protected":false},"author":2,"featured_media":179508,"comment_status":"","ping_status":"","sticky":false,"template":"","format":"standard","meta":{"footnotes":""},"categories":[85],"tags":[2632,49,114,115,32,33],"class_list":{"0":"post-179507","1":"post","2":"type-post","3":"status-publish","4":"format-standard","5":"has-post-thumbnail","7":"category-entretenimento","8":"tag-casa-dos-segredos","9":"tag-destaques","10":"tag-entertainment","11":"tag-entretenimento","12":"tag-portugal","13":"tag-pt"},"share_on_mastodon":{"url":"https:\/\/pubeurope.com\/@pt\/115681686221749544","error":""},"_links":{"self":[{"href":"https:\/\/www.europesays.com\/pt\/wp-json\/wp\/v2\/posts\/179507","targetHints":{"allow":["GET"]}}],"collection":[{"href":"https:\/\/www.europesays.com\/pt\/wp-json\/wp\/v2\/posts"}],"about":[{"href":"https:\/\/www.europesays.com\/pt\/wp-json\/wp\/v2\/types\/post"}],"author":[{"embeddable":true,"href":"https:\/\/www.europesays.com\/pt\/wp-json\/wp\/v2\/users\/2"}],"replies":[{"embeddable":true,"href":"https:\/\/www.europesays.com\/pt\/wp-json\/wp\/v2\/comments?post=179507"}],"version-history":[{"count":0,"href":"https:\/\/www.europesays.com\/pt\/wp-json\/wp\/v2\/posts\/179507\/revisions"}],"wp:featuredmedia":[{"embeddable":true,"href":"https:\/\/www.europesays.com\/pt\/wp-json\/wp\/v2\/media\/179508"}],"wp:attachment":[{"href":"https:\/\/www.europesays.com\/pt\/wp-json\/wp\/v2\/media?parent=179507"}],"wp:term":[{"taxonomy":"category","embeddable":true,"href":"https:\/\/www.europesays.com\/pt\/wp-json\/wp\/v2\/categories?post=179507"},{"taxonomy":"post_tag","embeddable":true,"href":"https:\/\/www.europesays.com\/pt\/wp-json\/wp\/v2\/tags?post=179507"}],"curies":[{"name":"wp","href":"https:\/\/api.w.org\/{rel}","templated":true}]}}