{"id":179513,"date":"2025-12-08T03:01:09","date_gmt":"2025-12-08T03:01:09","guid":{"rendered":"https:\/\/www.europesays.com\/pt\/179513\/"},"modified":"2025-12-08T03:01:09","modified_gmt":"2025-12-08T03:01:09","slug":"este-foi-o-concorrente-expulso-da-noite-saiba-quem-abandona-hoje-a-casa-mais-vigiada-do-pais-secret-story","status":"publish","type":"post","link":"https:\/\/www.europesays.com\/pt\/179513\/","title":{"rendered":"Este foi o concorrente expulso da noite! Saiba quem abandona hoje a casa mais vigiada do Pa\u00eds &#8211; Secret Story"},"content":{"rendered":"<p style=\"margin-bottom:11px\">Esta foi uma gala cheia de emo\u00e7\u00f5es fortes, <strong>marcada por mais uma sa\u00edda da casa mais vigiada do Pa\u00eds<\/strong>. Ao longo da gala do Secret Story 9 deste domingo, dia 7 de dezembro, <strong>as percentagens foram reveladas e rapidamente se percebeu que a disputa estava mais apertada do que nunca.<\/strong><\/p>\n<p><strong>Marisa foi a primeira concorrente a ser salva<\/strong>, conquistando 36% dos votos. Os restantes quatro nomes mantiveram-se em risco, numa batalha intensa pela perman\u00eancia at\u00e9 ao fim.<\/p>\n<p>Quando chegou o momento decisivo, as diferen\u00e7as eram m\u00ednimas. <strong>Pedro somou 50% e Liliana reuniu 33%<\/strong>. Mas a concorrente menos votada e, por isso, a abandonar este domingo a casa mais vigiada do Pa\u00eds foi <strong>Bruna, com apenas 17% dos votos.\u00a0<\/strong><\/p>\n<p style=\"margin-bottom:11px\">\u00a0<\/p>\n","protected":false},"excerpt":{"rendered":"Esta foi uma gala cheia de emo\u00e7\u00f5es fortes, marcada por mais uma sa\u00edda da casa mais vigiada do&hellip;\n","protected":false},"author":2,"featured_media":179514,"comment_status":"","ping_status":"","sticky":false,"template":"","format":"standard","meta":{"footnotes":""},"categories":[142],"tags":[8113,1997,2632,329,333,328,335,336,114,115,334,27621,330,1326,338,19019,13,32,33,1315,8174,151,162,19020,227],"class_list":{"0":"post-179513","1":"post","2":"type-post","3":"status-publish","4":"format-standard","5":"has-post-thumbnail","7":"category-tv","8":"tag-alice-alves","9":"tag-bruna","10":"tag-casa-dos-segredos","11":"tag-claudio-ramos","12":"tag-comentadores","13":"tag-concorrentes","14":"tag-confrontos","15":"tag-discussoes","16":"tag-entertainment","17":"tag-entretenimento","18":"tag-exclusivos","19":"tag-expulsa","20":"tag-gala","21":"tag-mafalda-castro","22":"tag-maria-botelho-moniz","23":"tag-marta-cardoso","24":"tag-noticias","25":"tag-portugal","26":"tag-pt","27":"tag-secret-story","28":"tag-segredos","29":"tag-tv","30":"tag-tvi","31":"tag-video-do-dia","32":"tag-videos"},"share_on_mastodon":{"url":"https:\/\/pubeurope.com\/@pt\/115681721240456870","error":""},"_links":{"self":[{"href":"https:\/\/www.europesays.com\/pt\/wp-json\/wp\/v2\/posts\/179513","targetHints":{"allow":["GET"]}}],"collection":[{"href":"https:\/\/www.europesays.com\/pt\/wp-json\/wp\/v2\/posts"}],"about":[{"href":"https:\/\/www.europesays.com\/pt\/wp-json\/wp\/v2\/types\/post"}],"author":[{"embeddable":true,"href":"https:\/\/www.europesays.com\/pt\/wp-json\/wp\/v2\/users\/2"}],"replies":[{"embeddable":true,"href":"https:\/\/www.europesays.com\/pt\/wp-json\/wp\/v2\/comments?post=179513"}],"version-history":[{"count":0,"href":"https:\/\/www.europesays.com\/pt\/wp-json\/wp\/v2\/posts\/179513\/revisions"}],"wp:featuredmedia":[{"embeddable":true,"href":"https:\/\/www.europesays.com\/pt\/wp-json\/wp\/v2\/media\/179514"}],"wp:attachment":[{"href":"https:\/\/www.europesays.com\/pt\/wp-json\/wp\/v2\/media?parent=179513"}],"wp:term":[{"taxonomy":"category","embeddable":true,"href":"https:\/\/www.europesays.com\/pt\/wp-json\/wp\/v2\/categories?post=179513"},{"taxonomy":"post_tag","embeddable":true,"href":"https:\/\/www.europesays.com\/pt\/wp-json\/wp\/v2\/tags?post=179513"}],"curies":[{"name":"wp","href":"https:\/\/api.w.org\/{rel}","templated":true}]}}