{"id":179517,"date":"2025-12-08T03:05:11","date_gmt":"2025-12-08T03:05:11","guid":{"rendered":"https:\/\/www.europesays.com\/pt\/179517\/"},"modified":"2025-12-08T03:05:11","modified_gmt":"2025-12-08T03:05:11","slug":"medico-alerta-para-alta-de-indicadores-de-obesidade","status":"publish","type":"post","link":"https:\/\/www.europesays.com\/pt\/179517\/","title":{"rendered":"M\u00e9dico alerta para alta de indicadores de obesidade"},"content":{"rendered":"<p>A obesidade cresce em ritmo acelerado no Brasil. Segundo o Atlas Mundial da Obesidade 2025, aproximadamente 1 em cada 3 brasileiros (31%) vive com obesidade, e esse n\u00famero deve crescer ainda mais nos pr\u00f3ximos 5 anos. O levantamento revela ainda que 68% da popula\u00e7\u00e3o brasileira est\u00e1 acima do peso, sendo 31% com obesidade e 37% com sobrepeso \u2014 dados que refletem cen\u00e1rio cr\u00edtico de sa\u00fade p\u00fablica.<\/p>\n<p>As proje\u00e7\u00f5es mostram futuro ainda mais desafiador: at\u00e9 2030, o n\u00famero de homens com obesidade pode aumentar 33,4%, enquanto entre as mulheres o crescimento chegar\u00e1 a 46,2%.<\/p>\n<p>Para o cirurgi\u00e3o do aparelho digestivo Jo\u00e3o Gabriel Braga, de Catanduva, os n\u00fameros escancaram uma realidade preocupante. \u201cA obesidade n\u00e3o \u00e9 apenas um ac\u00famulo de peso. \u00c9 uma doen\u00e7a cr\u00f4nica que est\u00e1 diretamente ligada ao desenvolvimento de doen\u00e7as graves do aparelho digestivo, como gordura no f\u00edgado, refluxo cr\u00f4nico, h\u00e9rnias abdominais e at\u00e9 c\u00e2ncer colorretal. Estamos falando de uma epidemia silenciosa, que j\u00e1 impacta milh\u00f5es de brasileiros\u201d, ressalta.<\/p>\n<p>Segundo o especialista, o aumento expressivo da obesidade tem provocado crescimento proporcional nas doen\u00e7as digestivas. A esteatose hep\u00e1tica (gordura no f\u00edgado), por exemplo, est\u00e1 se tornando uma das doen\u00e7as mais comuns no Brasil e muitas vezes evolui de forma silenciosa at\u00e9 quadros graves, como inflama\u00e7\u00e3o, fibrose e cirrose.<\/p>\n<p>Da mesma forma, o refluxo gastroesof\u00e1gico tem se tornado frequente, podendo levar a les\u00f5es no es\u00f4fago quando n\u00e3o tratado. Al\u00e9m disso, a obesidade contribui para o desenvolvimento de outras doen\u00e7as, como hipertens\u00e3o, diabetes, colesterol alto e apneia do sono.<\/p>\n<p>O cirurgi\u00e3o refor\u00e7a, ainda, que o tratamento da obesidade exige uma abordagem ampla, com foco em preven\u00e7\u00e3o, estilo de vida, acompanhamento cont\u00ednuo e acesso a tratamentos adequados. \u201cA obesidade \u00e9 hoje um dos maiores desafios de sa\u00fade p\u00fablica do Brasil, e ignor\u00e1-la significa aceitar que mais pessoas desenvolver\u00e3o doen\u00e7as graves e evit\u00e1veis\u201d, completa.<\/p>\n","protected":false},"excerpt":{"rendered":"A obesidade cresce em ritmo acelerado no Brasil. Segundo o Atlas Mundial da Obesidade 2025, aproximadamente 1 em&hellip;\n","protected":false},"author":2,"featured_media":179518,"comment_status":"","ping_status":"","sticky":false,"template":"","format":"standard","meta":{"footnotes":""},"categories":[86],"tags":[5628,5626,5627,1300,116,2513,13,5629,5625,32,33,117],"class_list":{"0":"post-179517","1":"post","2":"type-post","3":"status-publish","4":"format-standard","5":"has-post-thumbnail","7":"category-saude","8":"tag-blog","9":"tag-catanduva","10":"tag-catanduva-e-regiao","11":"tag-cidade","12":"tag-health","13":"tag-jornal","14":"tag-noticias","15":"tag-novidades","16":"tag-o-regional","17":"tag-portugal","18":"tag-pt","19":"tag-saude"},"share_on_mastodon":{"url":"https:\/\/pubeurope.com\/@pt\/115681737039167281","error":""},"_links":{"self":[{"href":"https:\/\/www.europesays.com\/pt\/wp-json\/wp\/v2\/posts\/179517","targetHints":{"allow":["GET"]}}],"collection":[{"href":"https:\/\/www.europesays.com\/pt\/wp-json\/wp\/v2\/posts"}],"about":[{"href":"https:\/\/www.europesays.com\/pt\/wp-json\/wp\/v2\/types\/post"}],"author":[{"embeddable":true,"href":"https:\/\/www.europesays.com\/pt\/wp-json\/wp\/v2\/users\/2"}],"replies":[{"embeddable":true,"href":"https:\/\/www.europesays.com\/pt\/wp-json\/wp\/v2\/comments?post=179517"}],"version-history":[{"count":0,"href":"https:\/\/www.europesays.com\/pt\/wp-json\/wp\/v2\/posts\/179517\/revisions"}],"wp:featuredmedia":[{"embeddable":true,"href":"https:\/\/www.europesays.com\/pt\/wp-json\/wp\/v2\/media\/179518"}],"wp:attachment":[{"href":"https:\/\/www.europesays.com\/pt\/wp-json\/wp\/v2\/media?parent=179517"}],"wp:term":[{"taxonomy":"category","embeddable":true,"href":"https:\/\/www.europesays.com\/pt\/wp-json\/wp\/v2\/categories?post=179517"},{"taxonomy":"post_tag","embeddable":true,"href":"https:\/\/www.europesays.com\/pt\/wp-json\/wp\/v2\/tags?post=179517"}],"curies":[{"name":"wp","href":"https:\/\/api.w.org\/{rel}","templated":true}]}}