{"id":179562,"date":"2025-12-08T03:54:11","date_gmt":"2025-12-08T03:54:11","guid":{"rendered":"https:\/\/www.europesays.com\/pt\/179562\/"},"modified":"2025-12-08T03:54:11","modified_gmt":"2025-12-08T03:54:11","slug":"gondomar-cinco-ocupantes-resgatados-de-jipe-preso-no-rio-ferreira","status":"publish","type":"post","link":"https:\/\/www.europesays.com\/pt\/179562\/","title":{"rendered":"Gondomar. Cinco ocupantes resgatados de jipe preso no Rio Ferreira"},"content":{"rendered":"<p>                Um jipe com dois adultos e tr\u00eas menores entre os dez e os 16 anos de idade ficou este domingo preso nas \u00e1guas do Rio Ferreira, em S\u00e3o Pedro da Cova, Gondomar. O ve\u00edculo ficou parcialmente submerso.<b> <\/b><\/p>\n<p>Dezenas de operacionais participaram na opera\u00e7\u00e3o de resgate, que permitiu retirar todos os ocupantes, que sofreram ferimentos ligeiros.<\/p>\n<p>          <img decoding=\"async\" itemprop=\"image\" class=\"img-fluid\"   src=\"https:\/\/www.europesays.com\/pt\/wp-content\/uploads\/2025\/12\/4848f2cd115564e5d1cf0b1d0f4ef4ad_N.jpg\"\/><\/p>\n<p>Pouco depois das 22h00, prosseguiam as opera\u00e7\u00f5es no local. <b>Os menores haviam j\u00e1 sido retirados e encaminhados parao Hospital de S\u00e3o Jo\u00e3o, no Porto<\/b>. <b>Os adultos seriam posteriormente resgatados<\/b>.<\/p>\n<p>O alerta foi dado ao final da tarde. J\u00e1 perto das 23h00 decorriam opera\u00e7\u00f5es para retirar o jipe do rio.&#13;\n            <\/p>\n","protected":false},"excerpt":{"rendered":"Um jipe com dois adultos e tr\u00eas menores entre os dez e os 16 anos de idade ficou&hellip;\n","protected":false},"author":2,"featured_media":179563,"comment_status":"","ping_status":"","sticky":false,"template":"","format":"standard","meta":{"footnotes":""},"categories":[10],"tags":[27,28,15,16,36912,5594,14,4450,25,26,21,22,12,13,19,20,32,23,24,33,3970,17,18,29,30,31],"class_list":{"0":"post-179562","1":"post","2":"type-post","3":"status-publish","4":"format-standard","5":"has-post-thumbnail","7":"category-portugal","8":"tag-breaking-news","9":"tag-breakingnews","10":"tag-featured-news","11":"tag-featurednews","12":"tag-ferreira","13":"tag-gondomar","14":"tag-headlines","15":"tag-jipe","16":"tag-latest-news","17":"tag-latestnews","18":"tag-main-news","19":"tag-mainnews","20":"tag-news","21":"tag-noticias","22":"tag-noticias-principais","23":"tag-noticiasprincipais","24":"tag-portugal","25":"tag-principais-noticias","26":"tag-principaisnoticias","27":"tag-pt","28":"tag-rio","29":"tag-top-stories","30":"tag-topstories","31":"tag-ultimas","32":"tag-ultimas-noticias","33":"tag-ultimasnoticias"},"share_on_mastodon":{"url":"https:\/\/pubeurope.com\/@pt\/115681929987963868","error":""},"_links":{"self":[{"href":"https:\/\/www.europesays.com\/pt\/wp-json\/wp\/v2\/posts\/179562","targetHints":{"allow":["GET"]}}],"collection":[{"href":"https:\/\/www.europesays.com\/pt\/wp-json\/wp\/v2\/posts"}],"about":[{"href":"https:\/\/www.europesays.com\/pt\/wp-json\/wp\/v2\/types\/post"}],"author":[{"embeddable":true,"href":"https:\/\/www.europesays.com\/pt\/wp-json\/wp\/v2\/users\/2"}],"replies":[{"embeddable":true,"href":"https:\/\/www.europesays.com\/pt\/wp-json\/wp\/v2\/comments?post=179562"}],"version-history":[{"count":0,"href":"https:\/\/www.europesays.com\/pt\/wp-json\/wp\/v2\/posts\/179562\/revisions"}],"wp:featuredmedia":[{"embeddable":true,"href":"https:\/\/www.europesays.com\/pt\/wp-json\/wp\/v2\/media\/179563"}],"wp:attachment":[{"href":"https:\/\/www.europesays.com\/pt\/wp-json\/wp\/v2\/media?parent=179562"}],"wp:term":[{"taxonomy":"category","embeddable":true,"href":"https:\/\/www.europesays.com\/pt\/wp-json\/wp\/v2\/categories?post=179562"},{"taxonomy":"post_tag","embeddable":true,"href":"https:\/\/www.europesays.com\/pt\/wp-json\/wp\/v2\/tags?post=179562"}],"curies":[{"name":"wp","href":"https:\/\/api.w.org\/{rel}","templated":true}]}}