{"id":179565,"date":"2025-12-08T03:57:09","date_gmt":"2025-12-08T03:57:09","guid":{"rendered":"https:\/\/www.europesays.com\/pt\/179565\/"},"modified":"2025-12-08T03:57:09","modified_gmt":"2025-12-08T03:57:09","slug":"apos-louvre-assalto-no-brasil-roubadas-13-obras-de-matisse-e-portinari","status":"publish","type":"post","link":"https:\/\/www.europesays.com\/pt\/179565\/","title":{"rendered":"Ap\u00f3s Louvre, assalto no Brasil: Roubadas 13 obras de Matisse e Portinari"},"content":{"rendered":"<p>Foram roubadas 13 obras de arte da Biblioteca M\u00e1rio Andrade, em S\u00e3o Paulo, no Brasil, na manh\u00e3 deste domingo. Entre as pe\u00e7as est\u00e3o oito do franc\u00eas Henri Matisse e cinco do brasileiro Candido Portinari.<\/p>\n<p>A informa\u00e7\u00e3o foi confirmada pela Secretaria de Cultura e Economia Criativa de S\u00e3o Paulo, que adiantou que as gravuras levadas faziam parte da exposi\u00e7\u00e3o intitulada &#8220;Do livro ao museu: MAM S\u00e3o Paulo e a Biblioteca M\u00e1rio de Andrade&#8221;. A exposi\u00e7\u00e3o era realizada em parceria com o Museu de Arte Moderna de S\u00e3o Paulo, na sigla MAM.<\/p>\n<p>De acordo com o que explica a Pol\u00edcia Civil, o assalto aconteceu por volta das 10 horas locais. As autoridades detalham, citadas pela imprensa brasileira, que dois homens armados entraram na biblioteca ter\u00e3o pedido para a vigilante do local e um casal de idosos que estava no local se renderem. Ningu\u00e9m ficou ferido.<\/p>\n<p>&#8220;Ambos seguiram at\u00e9 a c\u00fapula de vidro, onde estavam os documentos [as gravuras de Portinari]. Eles colocaram os documentos e oito quadros em uma sacola de lona. Os dois fugiram pela sa\u00edda principal&#8221;, acrescentaram as autoridades, citadas pelo UOL.<\/p>\n<p>Ap\u00f3s a situa\u00e7\u00e3o, agentes da Pol\u00edcia Militar que estavam nas proximidades prestaram aux\u00edlio, iniciando o patrulhamento da zona.<\/p>\n<p>As autoridades n\u00e3o divulgaram detalhes sobre as obras de Matisse (1869-1954) e Portinari (1903-1962) que foram roubadas.<\/p>\n<p>A exposi\u00e7\u00e3o inclu\u00eda &#8220;obras raras e importantes, como &#8216;Jazz&#8217;, de Henri Matisse, ou &#8216;Cirque&#8217;, de Fernand L\u00e9ger, exemplares de grande relev\u00e2ncia que colocaram artistas e investigadores brasileiros em contacto com a produ\u00e7\u00e3o modernista europeia&#8221;.<\/p>\n<p>&#8220;Jazz&#8221; \u00e9 apresentada no cat\u00e1logo da exposi\u00e7\u00e3o como &#8220;uma obra expoente&#8221; da produ\u00e7\u00e3o art\u00edstica tardia do artista franc\u00eas.<\/p>\n<p>&#8220;Matisse iniciou o livro em 1943, quando j\u00e1 tinha a mobilidade reduzida ap\u00f3s procedimentos m\u00e9dicos, o que o levou a &#8216;pintar com a tesoura'&#8221;, l\u00ea-se no cat\u00e1logo, dispon\u00edvel online.<\/p>\n<p>De Candido Portinari, integravam a exposi\u00e7\u00e3o ilustra\u00e7\u00f5es criadas para uma edi\u00e7\u00e3o de luxo de &#8220;Mem\u00f3rias p\u00f3stumas de Br\u00e1s Cubas&#8221;, de Machado de Assis, e para uma edi\u00e7\u00e3o especial de &#8220;Menino de engenho&#8221;, de Jos\u00e9 Lins do Rego.<\/p>\n<p>Leia Tamb\u00e9m: <a href=\"https:\/\/www.noticiasaominuto.com\/cultura\/2900866\/obras-e-documentos-antigos-do-museu-do-louvre-danificados-apos-inundacao\" target=\"_blank\" rel=\"noopener noreferrer nofollow\">Obras e documentos antigos do Museu do Louvre danificados ap\u00f3s inunda\u00e7\u00e3o<\/a><\/p>\n","protected":false},"excerpt":{"rendered":"Foram roubadas 13 obras de arte da Biblioteca M\u00e1rio Andrade, em S\u00e3o Paulo, no Brasil, na manh\u00e3 deste&hellip;\n","protected":false},"author":2,"featured_media":179566,"comment_status":"","ping_status":"","sticky":false,"template":"","format":"standard","meta":{"footnotes":""},"categories":[144],"tags":[207,205,206,203,201,202,204,114,115,32,33],"class_list":{"0":"post-179565","1":"post","2":"type-post","3":"status-publish","4":"format-standard","5":"has-post-thumbnail","7":"category-arte-e-design","8":"tag-arte","9":"tag-arte-e-design","10":"tag-artedesign","11":"tag-arts","12":"tag-arts-and-design","13":"tag-artsanddesign","14":"tag-design","15":"tag-entertainment","16":"tag-entretenimento","17":"tag-portugal","18":"tag-pt"},"share_on_mastodon":{"url":"https:\/\/pubeurope.com\/@pt\/115681941504284426","error":""},"_links":{"self":[{"href":"https:\/\/www.europesays.com\/pt\/wp-json\/wp\/v2\/posts\/179565","targetHints":{"allow":["GET"]}}],"collection":[{"href":"https:\/\/www.europesays.com\/pt\/wp-json\/wp\/v2\/posts"}],"about":[{"href":"https:\/\/www.europesays.com\/pt\/wp-json\/wp\/v2\/types\/post"}],"author":[{"embeddable":true,"href":"https:\/\/www.europesays.com\/pt\/wp-json\/wp\/v2\/users\/2"}],"replies":[{"embeddable":true,"href":"https:\/\/www.europesays.com\/pt\/wp-json\/wp\/v2\/comments?post=179565"}],"version-history":[{"count":0,"href":"https:\/\/www.europesays.com\/pt\/wp-json\/wp\/v2\/posts\/179565\/revisions"}],"wp:featuredmedia":[{"embeddable":true,"href":"https:\/\/www.europesays.com\/pt\/wp-json\/wp\/v2\/media\/179566"}],"wp:attachment":[{"href":"https:\/\/www.europesays.com\/pt\/wp-json\/wp\/v2\/media?parent=179565"}],"wp:term":[{"taxonomy":"category","embeddable":true,"href":"https:\/\/www.europesays.com\/pt\/wp-json\/wp\/v2\/categories?post=179565"},{"taxonomy":"post_tag","embeddable":true,"href":"https:\/\/www.europesays.com\/pt\/wp-json\/wp\/v2\/tags?post=179565"}],"curies":[{"name":"wp","href":"https:\/\/api.w.org\/{rel}","templated":true}]}}