{"id":179579,"date":"2025-12-08T04:10:08","date_gmt":"2025-12-08T04:10:08","guid":{"rendered":"https:\/\/www.europesays.com\/pt\/179579\/"},"modified":"2025-12-08T04:10:08","modified_gmt":"2025-12-08T04:10:08","slug":"tenho-25-anos-de-serie-a-sei-interpretar-as-palavras-e-sei-interpretar-os-silencios","status":"publish","type":"post","link":"https:\/\/www.europesays.com\/pt\/179579\/","title":{"rendered":"\u201cTenho 25 anos de S\u00e9rie A. Sei interpretar as palavras e sei interpretar os sil\u00eancios\u201d"},"content":{"rendered":"<p><a href=\"https:\/\/www.correiodopovo.com.br\/topicos\/Tag\/mano%20menezes\" target=\"_blank\" rel=\"nofollow noopener\"><strong>Mano Menezes<\/strong> <\/a>costuma n\u00e3o perder a lucidez nos momentos de crise e nem mesmo quando trata com bom humor ou ironia os assuntos s\u00e9rios. Neste domingo ap\u00f3s a <strong><a href=\"https:\/\/www.correiodopovo.com.br\/esportes\/gr%C3%AAmio\/gremio-goleia-o-sport-na-despedida-da-temporada-e-fica-com-vaga-na-sul-americana-1.1673202\" target=\"_blank\" rel=\"nofollow noopener\">goleada diante do Sport, na Ilha do Retiro, <\/a><\/strong>ele avaliou o trabalho \u00e0 frente do Gr\u00eamio nos \u00faltimos meses e deixou em aberto se permanece ou n\u00e3o no clube em 2026. Adiantou somente ter uma conversa no meio de semana com a dire\u00e7\u00e3o que toma posse nesta segunda-feira.<\/p>\n<p>&#8220;Tenho 25 anos de S\u00e9rie A. Sei interpretar as palavras e sei interpretar os sil\u00eancios&#8221;, foi uma frase mist\u00e9rios do t\u00e9cnico que tamb\u00e9m opinou a respeito da \u00faltima impress\u00e3o deixada no ano. Se contar\u00e1 ou n\u00e3o para quem decidir\u00e1 o seu futuro.<\/p>\n<p>&#8220;N\u00e3o deveria. Acho que an\u00e1lise tem que ser mais ampla. Se a cada jogo vamos dizer que algu\u00e9m \u00e9 bom suficiente para estar, n\u00e3o \u00e9 a avalia\u00e7\u00e3o que se deve fazer no futebol. Ele exige avalia\u00e7\u00f5es mais profundas. (&#8230;) N\u00e3o podemos oscilar o humor da derrota com a empolga\u00e7\u00e3o da vit\u00f3ria. E acho que voc\u00eas pensam como eu&#8221;, completou Mano.<\/p>\n<p>Mano comentou ter observado crescimento e evolu\u00e7\u00e3o do time no segundo semestre. Diz enxergar agora uma equipe mais consciente e n\u00e3o &#8220;taticamente muito pobre&#8221; quando a encontrou.<\/p>\n<p>Veja Tamb\u00e9m<\/p>\n<p> &#8220;Chegamos em abril e as coisas estavam bem dif\u00edceis e demoraram para tomar ritmo. Isso ocorreu depois da chegada dos jogadores na janela. Eles trouxeram comportamento vitorioso e contagiaram a n\u00f3s todos&#8221;, admitiu. <\/p>\n<p>Por fim, o t\u00e9cnico que deixou o Gr\u00eamio na 9\u00aa coloca\u00e7\u00e3o e classificado para a Sul-Americana n\u00e3o deixou de dar uma indireta aos dirigentes:<\/p>\n<p>&#8220;O que se tira de li\u00e7\u00e3o \u00e9 que as coisas n\u00e3o podem come\u00e7ar a serem resolvidas em setembro, outubro. E ano que vem muito menos porque o campeonato vai come\u00e7ar em janeiro. Exige planejamento porque o campeonato est\u00e1 cada vez mais dif\u00edcil&#8221;<\/p>\n","protected":false},"excerpt":{"rendered":"Mano Menezes costuma n\u00e3o perder a lucidez nos momentos de crise e nem mesmo quando trata com bom&hellip;\n","protected":false},"author":2,"featured_media":179580,"comment_status":"","ping_status":"","sticky":false,"template":"","format":"standard","meta":{"footnotes":""},"categories":[145],"tags":[1620,211,210,114,115,13995,36916,32,33,2101,2686],"class_list":{"0":"post-179579","1":"post","2":"type-post","3":"status-publish","4":"format-standard","5":"has-post-thumbnail","7":"category-celebridades","8":"tag-brasileirao","9":"tag-celebridades","10":"tag-celebrities","11":"tag-entertainment","12":"tag-entretenimento","13":"tag-gremio","14":"tag-mano-menezes","15":"tag-portugal","16":"tag-pt","17":"tag-serie-a","18":"tag-sport"},"share_on_mastodon":{"url":"https:\/\/pubeurope.com\/@pt\/115681992551538947","error":""},"_links":{"self":[{"href":"https:\/\/www.europesays.com\/pt\/wp-json\/wp\/v2\/posts\/179579","targetHints":{"allow":["GET"]}}],"collection":[{"href":"https:\/\/www.europesays.com\/pt\/wp-json\/wp\/v2\/posts"}],"about":[{"href":"https:\/\/www.europesays.com\/pt\/wp-json\/wp\/v2\/types\/post"}],"author":[{"embeddable":true,"href":"https:\/\/www.europesays.com\/pt\/wp-json\/wp\/v2\/users\/2"}],"replies":[{"embeddable":true,"href":"https:\/\/www.europesays.com\/pt\/wp-json\/wp\/v2\/comments?post=179579"}],"version-history":[{"count":0,"href":"https:\/\/www.europesays.com\/pt\/wp-json\/wp\/v2\/posts\/179579\/revisions"}],"wp:featuredmedia":[{"embeddable":true,"href":"https:\/\/www.europesays.com\/pt\/wp-json\/wp\/v2\/media\/179580"}],"wp:attachment":[{"href":"https:\/\/www.europesays.com\/pt\/wp-json\/wp\/v2\/media?parent=179579"}],"wp:term":[{"taxonomy":"category","embeddable":true,"href":"https:\/\/www.europesays.com\/pt\/wp-json\/wp\/v2\/categories?post=179579"},{"taxonomy":"post_tag","embeddable":true,"href":"https:\/\/www.europesays.com\/pt\/wp-json\/wp\/v2\/tags?post=179579"}],"curies":[{"name":"wp","href":"https:\/\/api.w.org\/{rel}","templated":true}]}}