{"id":179587,"date":"2025-12-08T04:23:11","date_gmt":"2025-12-08T04:23:11","guid":{"rendered":"https:\/\/www.europesays.com\/pt\/179587\/"},"modified":"2025-12-08T04:23:11","modified_gmt":"2025-12-08T04:23:11","slug":"mulher-que-morreu-em-incendio-foi-a-sepultar-na-povoa-de-lanhoso","status":"publish","type":"post","link":"https:\/\/www.europesays.com\/pt\/179587\/","title":{"rendered":"Mulher que morreu em inc\u00eandio foi a sepultar na P\u00f3voa de Lanhoso"},"content":{"rendered":"<p>A octogen\u00e1ria que morreu h\u00e1 duas semanas, v\u00edtima de um inc\u00eandio dentro da sua resid\u00eancia, em Lanhoso, foi sepultada durante a tarde deste s\u00e1bado, ap\u00f3s missa, na Igreja Paroquial de Lanhoso, daquela mesma freguesia do concelho da P\u00f3voa de Lanhoso.<\/p>\n<p>&#13;<br \/>\n&#13;<br \/>\n&#13;<\/p>\n<p>Maria Augusta Fernandes Ribeiro, de 84 anos, vi\u00fava, reformada, que vivia sozinha na Rua do Souto, faleceu ao final da manh\u00e3 de novembro, um domingo, na sequ\u00eancia de inc\u00eandio totalmente acidental, n\u00e3o tendo havido qualquer tipo de neglig\u00eancia sua.<\/p>\n<p>As filhas, genros e netos, assim como a demais fam\u00edlia, agradecem penhoradamente todas as provas de solidariedade e de pesar recebidas ao longo destas duas \u00faltimas semanas, desde o dia 23 de novembro, \u00a0data em que ocorreu a sua tr\u00e1gica morte.<\/p>\n<p>Augusta Ribeiro, que na passada ter\u00e7a-feira, dia 2 de dezembro, teria completado 85 anos, era muito estimada entre a fam\u00edlia e os vizinhos, pelo que a sua inesperada morte provocou uma grande onda de consterna\u00e7\u00e3o, no concelho da P\u00f3voa de Lanhoso.<\/p>\n","protected":false},"excerpt":{"rendered":"A octogen\u00e1ria que morreu h\u00e1 duas semanas, v\u00edtima de um inc\u00eandio dentro da sua resid\u00eancia, em Lanhoso, foi&hellip;\n","protected":false},"author":2,"featured_media":179588,"comment_status":"","ping_status":"","sticky":false,"template":"","format":"standard","meta":{"footnotes":""},"categories":[10],"tags":[27,28,15,16,14,25,26,21,22,12,13,19,20,32,23,24,33,17,18,29,30,31],"class_list":{"0":"post-179587","1":"post","2":"type-post","3":"status-publish","4":"format-standard","5":"has-post-thumbnail","7":"category-portugal","8":"tag-breaking-news","9":"tag-breakingnews","10":"tag-featured-news","11":"tag-featurednews","12":"tag-headlines","13":"tag-latest-news","14":"tag-latestnews","15":"tag-main-news","16":"tag-mainnews","17":"tag-news","18":"tag-noticias","19":"tag-noticias-principais","20":"tag-noticiasprincipais","21":"tag-portugal","22":"tag-principais-noticias","23":"tag-principaisnoticias","24":"tag-pt","25":"tag-top-stories","26":"tag-topstories","27":"tag-ultimas","28":"tag-ultimas-noticias","29":"tag-ultimasnoticias"},"share_on_mastodon":{"url":"https:\/\/pubeurope.com\/@pt\/115682043870117674","error":""},"_links":{"self":[{"href":"https:\/\/www.europesays.com\/pt\/wp-json\/wp\/v2\/posts\/179587","targetHints":{"allow":["GET"]}}],"collection":[{"href":"https:\/\/www.europesays.com\/pt\/wp-json\/wp\/v2\/posts"}],"about":[{"href":"https:\/\/www.europesays.com\/pt\/wp-json\/wp\/v2\/types\/post"}],"author":[{"embeddable":true,"href":"https:\/\/www.europesays.com\/pt\/wp-json\/wp\/v2\/users\/2"}],"replies":[{"embeddable":true,"href":"https:\/\/www.europesays.com\/pt\/wp-json\/wp\/v2\/comments?post=179587"}],"version-history":[{"count":0,"href":"https:\/\/www.europesays.com\/pt\/wp-json\/wp\/v2\/posts\/179587\/revisions"}],"wp:featuredmedia":[{"embeddable":true,"href":"https:\/\/www.europesays.com\/pt\/wp-json\/wp\/v2\/media\/179588"}],"wp:attachment":[{"href":"https:\/\/www.europesays.com\/pt\/wp-json\/wp\/v2\/media?parent=179587"}],"wp:term":[{"taxonomy":"category","embeddable":true,"href":"https:\/\/www.europesays.com\/pt\/wp-json\/wp\/v2\/categories?post=179587"},{"taxonomy":"post_tag","embeddable":true,"href":"https:\/\/www.europesays.com\/pt\/wp-json\/wp\/v2\/tags?post=179587"}],"curies":[{"name":"wp","href":"https:\/\/api.w.org\/{rel}","templated":true}]}}