{"id":179589,"date":"2025-12-08T04:24:08","date_gmt":"2025-12-08T04:24:08","guid":{"rendered":"https:\/\/www.europesays.com\/pt\/179589\/"},"modified":"2025-12-08T04:24:08","modified_gmt":"2025-12-08T04:24:08","slug":"detido-apos-partir-montra-e-assaltar-ourivesaria-no-vasco-da-gama","status":"publish","type":"post","link":"https:\/\/www.europesays.com\/pt\/179589\/","title":{"rendered":"Detido ap\u00f3s &#8220;partir montra&#8221; e assaltar ourivesaria no Vasco da Gama"},"content":{"rendered":"<p>Um homem foi detido, este domingo, depois de assaltar uma ourivesaria no Centro Comercial Vasco da Gama, em Lisboa.<\/p>\n<p>De acordo com o que explicou fonte do Comando Metropolitano da Pol\u00edcia de Seguran\u00e7a P\u00fablica (Cometlis) ao Not\u00edcias ao Minuto,\u00a0o homem, &#8220;jovem&#8221;, entrou no estabelecimento munido de um p\u00e9 de cabra, com o qual &#8220;partiu a montra&#8221;.<\/p>\n<p>Segundo a mesma fonte, retirou o que conseguiu, nomeadamente, &#8220;objetos de ouro&#8221;.<\/p>\n<p>Nenhum dos funcion\u00e1rios ou qualquer outra pessoa ficou ferida.<\/p>\n<p>Depois, o homem saiu da loja, com v\u00e1rias pessoas a aperceberem-se do assalto, e foi intercetado tanto por vigilantes do centro comercial, como por agentes da Pol\u00edcia de Seguran\u00e7a P\u00fablica.<\/p>\n<p>O homem encontra-se detido e ser\u00e1 presente a tribunal na ter\u00e7a-feira, quando conhecer\u00e1 as medidas de coa\u00e7\u00e3o tidas como adequadas.<\/p>\n<p>O alerta foi dado \u00e0s 20h35.<\/p>\n<p>Leia Tamb\u00e9m: <a href=\"https:\/\/www.noticiasaominuto.com\/pais\/2900565\/detido-suspeito-de-causar-o-panico-em-estabelecimentos-de-oeiras\" target=\"_blank\" rel=\"noopener noreferrer nofollow\">Detido suspeito de causar o p\u00e2nico em estabelecimentos de Oeiras<\/a><\/p>\n","protected":false},"excerpt":{"rendered":"Um homem foi detido, este domingo, depois de assaltar uma ourivesaria no Centro Comercial Vasco da Gama, em&hellip;\n","protected":false},"author":2,"featured_media":179590,"comment_status":"","ping_status":"","sticky":false,"template":"","format":"standard","meta":{"footnotes":""},"categories":[8],"tags":[27,28,15,16,14,25,26,21,22,12,13,19,20,32,23,24,33,17,18,29,30,31],"class_list":{"0":"post-179589","1":"post","2":"type-post","3":"status-publish","4":"format-standard","5":"has-post-thumbnail","7":"category-principais-noticias","8":"tag-breaking-news","9":"tag-breakingnews","10":"tag-featured-news","11":"tag-featurednews","12":"tag-headlines","13":"tag-latest-news","14":"tag-latestnews","15":"tag-main-news","16":"tag-mainnews","17":"tag-news","18":"tag-noticias","19":"tag-noticias-principais","20":"tag-noticiasprincipais","21":"tag-portugal","22":"tag-principais-noticias","23":"tag-principaisnoticias","24":"tag-pt","25":"tag-top-stories","26":"tag-topstories","27":"tag-ultimas","28":"tag-ultimas-noticias","29":"tag-ultimasnoticias"},"share_on_mastodon":{"url":"https:\/\/pubeurope.com\/@pt\/115682047747888030","error":""},"_links":{"self":[{"href":"https:\/\/www.europesays.com\/pt\/wp-json\/wp\/v2\/posts\/179589","targetHints":{"allow":["GET"]}}],"collection":[{"href":"https:\/\/www.europesays.com\/pt\/wp-json\/wp\/v2\/posts"}],"about":[{"href":"https:\/\/www.europesays.com\/pt\/wp-json\/wp\/v2\/types\/post"}],"author":[{"embeddable":true,"href":"https:\/\/www.europesays.com\/pt\/wp-json\/wp\/v2\/users\/2"}],"replies":[{"embeddable":true,"href":"https:\/\/www.europesays.com\/pt\/wp-json\/wp\/v2\/comments?post=179589"}],"version-history":[{"count":0,"href":"https:\/\/www.europesays.com\/pt\/wp-json\/wp\/v2\/posts\/179589\/revisions"}],"wp:featuredmedia":[{"embeddable":true,"href":"https:\/\/www.europesays.com\/pt\/wp-json\/wp\/v2\/media\/179590"}],"wp:attachment":[{"href":"https:\/\/www.europesays.com\/pt\/wp-json\/wp\/v2\/media?parent=179589"}],"wp:term":[{"taxonomy":"category","embeddable":true,"href":"https:\/\/www.europesays.com\/pt\/wp-json\/wp\/v2\/categories?post=179589"},{"taxonomy":"post_tag","embeddable":true,"href":"https:\/\/www.europesays.com\/pt\/wp-json\/wp\/v2\/tags?post=179589"}],"curies":[{"name":"wp","href":"https:\/\/api.w.org\/{rel}","templated":true}]}}