{"id":179597,"date":"2025-12-08T04:33:18","date_gmt":"2025-12-08T04:33:18","guid":{"rendered":"https:\/\/www.europesays.com\/pt\/179597\/"},"modified":"2025-12-08T04:33:18","modified_gmt":"2025-12-08T04:33:18","slug":"mariza-e-com-o-coracao-pesado-que-me-despeco","status":"publish","type":"post","link":"https:\/\/www.europesays.com\/pt\/179597\/","title":{"rendered":"Mariza: &#8220;\u00c9 com o cora\u00e7\u00e3o pesado que me despe\u00e7o&#8230;&#8221;"},"content":{"rendered":"<p>Faleceu na passada sexta-feira, dia 5, o arquiteto Frank Gehry, aos 96 anos. No Instagram, multiplicaram-se as rea\u00e7\u00f5es a este falecimento, destacando-se as palavras de <a href=\"https:\/\/selfie.iol.pt\/famosos\/mariza\/mariza-e-absolutamente-falso-o-que-tem-sido-noticiado-desde-ontem-inventar-e-difundir-que-alguem-morreu-e-cruel\/20250907\/68bd6dffd34ee0c2fecfc814\" target=\"_blank\" rel=\"nofollow noopener\">Mariza<\/a>.<\/p>\n<p>&#8220;\u00c9 com o cora\u00e7\u00e3o pesado que me despe\u00e7o de um homem que mudou a forma como vemos o mundo.<br \/>Frank n\u00e3o era apenas um arquiteto vision\u00e1rio, era uma alma gentil, um amigo e uma fonte infinita de inspira\u00e7\u00e3o&#8221;, come\u00e7ou por escrever a fadista na legenda de uma fotografia antiga, na qual posa ao lado do arquiteto.<\/p>\n<p>De seguida, Mariza assinalou: &#8220;Tive a b\u00ean\u00e7\u00e3o de partilhar momentos, conversas e risos com ele. A bondade, a curiosidade e a forma brilhante dele de transformar a emo\u00e7\u00e3o em forma ficar\u00e3o comigo para sempre. Obrigada, Frank, pela beleza que deixaste nesta terra. O teu\u00a0legado continuar\u00e1 a respirar atrav\u00e9s de cada curva, cada linha, cada sonho que constru\u00edste.&#8221;<\/p>\n<p>&#8220;O meu amor e as mais sinceras condol\u00eancias \u00e0 fam\u00edlia e a todos que o amavam. Descansa em paz, meu querido amigo&#8221;, completou.<\/p>\n<p>Veja, agora, a imagem partilhada por Mariza na galeria de fotografias que prepar\u00e1mos para si.<\/p>\n","protected":false},"excerpt":{"rendered":"Faleceu na passada sexta-feira, dia 5, o arquiteto Frank Gehry, aos 96 anos. No Instagram, multiplicaram-se as rea\u00e7\u00f5es&hellip;\n","protected":false},"author":2,"featured_media":179598,"comment_status":"","ping_status":"","sticky":false,"template":"","format":"standard","meta":{"footnotes":""},"categories":[85],"tags":[114,115,36918,980,36655,1015,1339,36917,1437,619,32,33,1012],"class_list":{"0":"post-179597","1":"post","2":"type-post","3":"status-publish","4":"format-standard","5":"has-post-thumbnail","7":"category-entretenimento","8":"tag-entertainment","9":"tag-entretenimento","10":"tag-fadista","11":"tag-famosos","12":"tag-frank-gehry","13":"tag-instagram","14":"tag-luto","15":"tag-mariza","16":"tag-morte","17":"tag-nacional","18":"tag-portugal","19":"tag-pt","20":"tag-selfie"},"share_on_mastodon":{"url":"https:\/\/pubeurope.com\/@pt\/115682082970289494","error":""},"_links":{"self":[{"href":"https:\/\/www.europesays.com\/pt\/wp-json\/wp\/v2\/posts\/179597","targetHints":{"allow":["GET"]}}],"collection":[{"href":"https:\/\/www.europesays.com\/pt\/wp-json\/wp\/v2\/posts"}],"about":[{"href":"https:\/\/www.europesays.com\/pt\/wp-json\/wp\/v2\/types\/post"}],"author":[{"embeddable":true,"href":"https:\/\/www.europesays.com\/pt\/wp-json\/wp\/v2\/users\/2"}],"replies":[{"embeddable":true,"href":"https:\/\/www.europesays.com\/pt\/wp-json\/wp\/v2\/comments?post=179597"}],"version-history":[{"count":0,"href":"https:\/\/www.europesays.com\/pt\/wp-json\/wp\/v2\/posts\/179597\/revisions"}],"wp:featuredmedia":[{"embeddable":true,"href":"https:\/\/www.europesays.com\/pt\/wp-json\/wp\/v2\/media\/179598"}],"wp:attachment":[{"href":"https:\/\/www.europesays.com\/pt\/wp-json\/wp\/v2\/media?parent=179597"}],"wp:term":[{"taxonomy":"category","embeddable":true,"href":"https:\/\/www.europesays.com\/pt\/wp-json\/wp\/v2\/categories?post=179597"},{"taxonomy":"post_tag","embeddable":true,"href":"https:\/\/www.europesays.com\/pt\/wp-json\/wp\/v2\/tags?post=179597"}],"curies":[{"name":"wp","href":"https:\/\/api.w.org\/{rel}","templated":true}]}}