{"id":179609,"date":"2025-12-08T04:54:10","date_gmt":"2025-12-08T04:54:10","guid":{"rendered":"https:\/\/www.europesays.com\/pt\/179609\/"},"modified":"2025-12-08T04:54:10","modified_gmt":"2025-12-08T04:54:10","slug":"fc-porto-vence-em-tondela-e-reforca-lideranca-no-campeonato-cronica-de-jogo","status":"publish","type":"post","link":"https:\/\/www.europesays.com\/pt\/179609\/","title":{"rendered":"FC Porto vence em Tondela e refor\u00e7a lideran\u00e7a no campeonato | Cr\u00f3nica de jogo"},"content":{"rendered":"<p>Era uma oportunidade que o FC Porto n\u00e3o podia desperdi\u00e7ar. E n\u00e3o desperdi\u00e7ou. Depois do empate no derby de sexta-feira, em que <a href=\"https:\/\/www.publico.pt\/2025\/12\/05\/desporto\/cronica_de_jogo\/benfica-sporting-nao-sairam-empate-2157242\" rel=\"nofollow noopener\" target=\"_blank\">Benfica e Sporting perderam pontos<\/a>, o FC Porto fez a colheita dos seus em Tondela, triunfando por 0-2 e aumentando a sua vantagem para os principais rivais. Com este triunfo na 13.\u00aa ronda, os \u201cdrag\u00f5es\u201d chegaram aos 37 pontos e abriram um fosso significativo para os \u201cle\u00f5es\u201d (32) e para as \u201c\u00e1guias\u201d (29), tendo j\u00e1 jogado com ambos. N\u00e3o foi um jogo bonito e o l\u00edder at\u00e9 pareceu um pouco nervoso na primeira parte, mas tudo se resolveu nos primeiros minutos da segunda.<\/p>\n<p>        &#13;<br \/>\n            &#13;<\/p>\n<p>\u00c9 raro vermos um treinador italiano no futebol portugu\u00eas \u2013 temos agora Farioli, j\u00e1 houve em tempos Trappatoni e Materazzi, s\u00f3 para falar daqueles que andaram nos \u201cgrandes\u201d. Ainda menos dois ao mesmo tempo \u2013 nunca tinha acontecido. Neste domingo, na Beira Alta, ia acontecer essa in\u00e9dita cimeira entre dois transalpinos \u201cdesterrados\u201d em Portugal, Cristiano Bacci no banco do Tondela, e Farioli, a tentar deixar o FC Porto mais confort\u00e1vel na lideran\u00e7a. Era expect\u00e1vel que o Tondela fosse muito \u201citaliano\u201d na recep\u00e7\u00e3o ao \u201cdrag\u00e3o\u201d, e ver\u00edamos como iria reagir o l\u00edder, que nem sempre tem lidado bem com isto.<\/p>\n<p>Depois do <a href=\"https:\/\/www.publico.pt\/2025\/12\/04\/desporto\/cronica_de_jogo\/erros-infantis-ditam-adeus-fc-porto-taca-liga-frente-v-guimaraes-2157098\" rel=\"nofollow noopener\" target=\"_blank\">desastre que foi a partida com o Vit\u00f3ria<\/a> para a Ta\u00e7a da Liga, Farioli s\u00f3 deixou um do \u201conze\u201d titular desse jogo, Varela, mudando tudo o resto para os habituais \u2013 a maior surpresa, William Gomes em vez de Borja. Mas os portistas pareceram, de facto, n\u00e3o lidar bem com um Tondela muito fechado que sabia bem o que fazer. E aquilo que passava pelas linhas defensivas morria nas m\u00e3os de Bernardo, o guarda-redes brasileiro do Tondela \u2013 n\u00e3o seria sempre assim.<\/p>\n<p>        &#13;<br \/>\n            &#13;<\/p>\n<p>O antigo guardi\u00e3o do Flamengo come\u00e7ou por ser testado pelos pr\u00f3prios colegas de equipa logo aos 6\u2019. Num cruzamento de Francisco Moura, um dos centrais do Tondela rematou contra o outro e a bola quase entrou junto ao poste \u2013 grande mergulho de Bernardo a evitar o 1-0. Pouco depois, aos 13\u2019, o brasileiro voltou a estar no s\u00edtio certo, desta vez para defender a sua baliza de \u201cfogo inimigo\u201d \u2013 remate de Samu, desmarcado na \u00e1rea ap\u00f3s passe de Pep\u00ea.<\/p>\n<p>N\u00e3o parecia haver muita resposta colectiva do FC Porto, nem grande inspira\u00e7\u00e3o individual \u2013 Rodrigo Mora era a excep\u00e7\u00e3o. Do lado do Tondela era s\u00f3 colectivo, uma unidade a funcionar em un\u00edssono, do guarda-redes ao ponta-de-lan\u00e7a. E uma equipa agarrada \u00e0s suas circunst\u00e2ncias defensivas, sabe como ferir uma equipa \u201cgrande\u201d, na bola parada. Aos 19\u2019, uma boa hip\u00f3tese para o Tondela, num canto de Hugo F\u00e9lix a que Jordi respondeu com um cabeceamento que n\u00e3o saiu longe da baliza de Diogo Costa.<\/p>\n<p>Aos 33\u2019, o FC Porto pareceu finalmente quebrar o engui\u00e7o, com Rodrigo Mora a meter a bola na baliza ap\u00f3s uma jogada cheia de insist\u00eancias e ressaltos. O jovem craque portista recebeu de Samu na pequena \u00e1rea e atirou para o fundo da baliza, mas uma an\u00e1lise das imagens detectou um adiantamento de 25 cent\u00edmetros em rela\u00e7\u00e3o ao pen\u00faltimo defesa tondelense. Golo anulado e festa cancelada.<\/p>\n<p>O Tondela tamb\u00e9m teria um desses momentos j\u00e1 no tempo de compensa\u00e7\u00e3o. Bola alta para a grande \u00e1rea portista, Bryan Medina cabeceia para a baliza, mas, em simult\u00e2neo, a empurrar Froholdt. Nem deu para o colombiano do Tondela festejar \u2013 o assistente j\u00e1 tinha detectado a falta. Pouco depois, veio o intervalo.<\/p>\n<p>Farioli nada mudou para a segunda parte, mas os portistas resolveram o assunto em poucos minutos. Logo aos 48\u2019, num canto de Rodrigo Mora, Kiwior cabeceou para mais uma enorme defesa de Bernardo, mas o brasileiro n\u00e3o conseguiu impedir a recarga vitoriosa de Samu. Estava quebrado o bloqueio \u201c\u00e0 italiana\u201d do Tondela, mas n\u00e3o ficou pedra sobre pedra no minuto seguinte. Excesso e confian\u00e7a de Bernardo a dominar uma bola com o p\u00e9, William aproveitou, tomou conta dela e fez o 0-2.<\/p>\n<p>O Tondela j\u00e1 n\u00e3o voltou ao jogo e o FC Porto entrou em dom\u00ednio com gest\u00e3o. No reencontro com um compatriota em Portugal, \u201cfelicit\u00e1\u201d para Farioli.<\/p>\n","protected":false},"excerpt":{"rendered":"Era uma oportunidade que o FC Porto n\u00e3o podia desperdi\u00e7ar. E n\u00e3o desperdi\u00e7ou. Depois do empate no derby&hellip;\n","protected":false},"author":2,"featured_media":179610,"comment_status":"","ping_status":"","sticky":false,"template":"","format":"standard","meta":{"footnotes":""},"categories":[8],"tags":[27,28,12925,135,282,15,16,524,280,14,281,25,26,21,22,12,13,19,20,32,23,24,33,17,18,29,30,31],"class_list":{"0":"post-179609","1":"post","2":"type-post","3":"status-publish","4":"format-standard","5":"has-post-thumbnail","7":"category-principais-noticias","8":"tag-breaking-news","9":"tag-breakingnews","10":"tag-cd-tondela","11":"tag-desporto","12":"tag-fc-porto","13":"tag-featured-news","14":"tag-featurednews","15":"tag-futebol","16":"tag-futebol-nacional","17":"tag-headlines","18":"tag-i-liga","19":"tag-latest-news","20":"tag-latestnews","21":"tag-main-news","22":"tag-mainnews","23":"tag-news","24":"tag-noticias","25":"tag-noticias-principais","26":"tag-noticiasprincipais","27":"tag-portugal","28":"tag-principais-noticias","29":"tag-principaisnoticias","30":"tag-pt","31":"tag-top-stories","32":"tag-topstories","33":"tag-ultimas","34":"tag-ultimas-noticias","35":"tag-ultimasnoticias"},"share_on_mastodon":{"url":"https:\/\/pubeurope.com\/@pt\/115682165892642362","error":""},"_links":{"self":[{"href":"https:\/\/www.europesays.com\/pt\/wp-json\/wp\/v2\/posts\/179609","targetHints":{"allow":["GET"]}}],"collection":[{"href":"https:\/\/www.europesays.com\/pt\/wp-json\/wp\/v2\/posts"}],"about":[{"href":"https:\/\/www.europesays.com\/pt\/wp-json\/wp\/v2\/types\/post"}],"author":[{"embeddable":true,"href":"https:\/\/www.europesays.com\/pt\/wp-json\/wp\/v2\/users\/2"}],"replies":[{"embeddable":true,"href":"https:\/\/www.europesays.com\/pt\/wp-json\/wp\/v2\/comments?post=179609"}],"version-history":[{"count":0,"href":"https:\/\/www.europesays.com\/pt\/wp-json\/wp\/v2\/posts\/179609\/revisions"}],"wp:featuredmedia":[{"embeddable":true,"href":"https:\/\/www.europesays.com\/pt\/wp-json\/wp\/v2\/media\/179610"}],"wp:attachment":[{"href":"https:\/\/www.europesays.com\/pt\/wp-json\/wp\/v2\/media?parent=179609"}],"wp:term":[{"taxonomy":"category","embeddable":true,"href":"https:\/\/www.europesays.com\/pt\/wp-json\/wp\/v2\/categories?post=179609"},{"taxonomy":"post_tag","embeddable":true,"href":"https:\/\/www.europesays.com\/pt\/wp-json\/wp\/v2\/tags?post=179609"}],"curies":[{"name":"wp","href":"https:\/\/api.w.org\/{rel}","templated":true}]}}