{"id":179611,"date":"2025-12-08T04:55:21","date_gmt":"2025-12-08T04:55:21","guid":{"rendered":"https:\/\/www.europesays.com\/pt\/179611\/"},"modified":"2025-12-08T04:55:21","modified_gmt":"2025-12-08T04:55:21","slug":"cunhado-de-virginia-faz-festao-de-18-anos-na-mansao-de-vini-jr-saiba-quem-e-o-irmao-do-jogador","status":"publish","type":"post","link":"https:\/\/www.europesays.com\/pt\/179611\/","title":{"rendered":"Cunhado de Virginia faz fest\u00e3o de 18 anos na mans\u00e3o de Vini Jr; saiba quem \u00e9 o irm\u00e3o do jogador"},"content":{"rendered":"<p>O\u00a0jogador de futebol<strong> Jos\u00e9 Oliveira Neto<\/strong>, mais conhecido como\u00a0<strong>Netinho<\/strong>, <a href=\"https:\/\/caras.com.br\/festas\/virginia-faz-bate-volta-e-marca-presenca-no-aniversario-do-irmao-de-vini-jr.phtml\" rel=\"nofollow noopener\" target=\"_blank\">celebrou a chegada de seus 18 anos com um fest\u00e3o na mans\u00e3o do irm\u00e3o,<\/a> o tamb\u00e9m jogador \u00a0<a href=\"https:\/\/caras.com.br\/tags\/vini-jr_1\" rel=\"nofollow noopener\" target=\"_blank\"><strong>Vini Jr<\/strong><\/a>, localizada em um condom\u00ednio de luxo na Barra da Tijuca, Zona Sudoeste do Rio.<\/p>\n<p>A celebra\u00e7\u00e3o contou com show ao vivo e movimentou a porta da resid\u00eancia na noite da \u00faltima sexta-feira, 6. Entre as convidadas, a influenciadora digital\u00a0<a href=\"https:\/\/caras.com.br\/tags\/virginia\" rel=\"nofollow noopener\" target=\"_blank\"><strong>Virginia Fonseca<\/strong><\/a> fez um bate e volta para prestigiar a comemora\u00e7\u00e3o do cunhado.<\/p>\n<p>Ela saiu de S\u00e3o Paulo na noite do evento em seu jatinho particular vestindo um vestido rosa para curtir o evento. E retornou para a capital paulista no s\u00e1bado pela manh\u00e3 por causa de seus compromissos profissionais. A festa reuniu tamb\u00e9m familiares e amigos pr\u00f3ximos, entre eles <strong>Tain\u00e1 Milit\u00e3o,<\/strong> esposa do jogador <strong>\u00c9der Milit\u00e3o.<\/strong><\/p>\n<p> <img loading=\"lazy\" decoding=\"async\" class=\"size-full wp-image-1040518 img-fluid lazy\" alt=\"Virginia marca presen\u00e7a no anivers\u00e1rio do irm\u00e3o de Vini Jr. - Foto: @virginia\" width=\"1080\" height=\"1936\" src=\"https:\/\/www.europesays.com\/pt\/wp-content\/uploads\/2025\/12\/1765169719_711_virginia-aniversario-irmao-vini-jr.jpg\"  \/>Virginia marca presen\u00e7a no anivers\u00e1rio do irm\u00e3o de Vini Jr. \u2013 Foto: @virginia Quem \u00e9 o irm\u00e3o de Vini Jr? <\/p>\n<p>Jos\u00e9 das Neves Oliveira Neto, o Netinho, tamb\u00e9m \u00e9 jogador de futebol e fez parte do elenco principal do Boavista, onde jogou no time de base. De acordo com o jornal O Globo, o jovem come\u00e7ou, anos atr\u00e1s, na base do Flamengo, mas como goleiro.<\/p>\n<p>Tamb\u00e9m acompanhou o irm\u00e3o na Espanha quando ele foi vendido ao Real Madrid e iniciou no Real Madrid B, em 2018. Al\u00e9m disso, o jovem j\u00e1 viveu sua primeira experi\u00eancia no exterior, quando defendeu o Rayo Alcobendas, da Espanha. No meio de 2023, voltou ao Brasil, conforme noticiou o GE.<\/p>\n<p>O rapaz tamb\u00e9m trabalha no Instituto de Vini e acompanha o irm\u00e3o em Madri, onde mora. Nas redes sociais, ele re\u00fane cerca de 144 mil seguidores e \u00e9 discreto quanto a vida pessoal.<\/p>\n<p>Em recente entrevista ao GE, ele falou sobre sua semelhan\u00e7a com o irm\u00e3o. \u201cSou mais f\u00edsico do que ele. A \u00fanica coisa que consegui herdar foi a velocidade. Compara\u00e7\u00e3o entre a gente vai ter, mas o estilo de jogo \u00e9 diferente. N\u00e3o somos nem da mesma posi\u00e7\u00e3o\u201d, declarou.<\/p>\n<p>Leia tamb\u00e9m:<a href=\"https:\/\/caras.com.br\/carnaval\/mae-e-irmao-de-vini-jr-prestigiam-virginia-em-ensaio-da-grande-rio-veja.phtml\" rel=\"nofollow noopener\" target=\"_blank\"> M\u00e3e e irm\u00e3o de Vini Jr. prestigiam Virginia em ensaio da Grande Rio; veja<\/a><\/p>\n<p>\t <img loading=\"lazy\" decoding=\"async\" class=\"size-full wp-image-1038761 img-fluid lazy\" alt=\"M\u00e3e de Vini Jr., Virginia e irm\u00e3o de Vini Jr. - Foto: @virginia\" width=\"1920\" height=\"1080\" src=\"https:\/\/www.europesays.com\/pt\/wp-content\/uploads\/2025\/12\/virginia-mae-irmao-vini-jr-ensaio-grande-rio.jpg\"  \/>M\u00e3e de Vini Jr., Virginia e irm\u00e3o de Vini Jr. \u2013 Foto: @virginia <img loading=\"lazy\" decoding=\"async\" class=\"size-full wp-image-834263 img-fluid lazy\" alt=\"Jogador Vini Jr. e irm\u00e3o Netinho posam para foto em campo\" width=\"1920\" height=\"1080\" src=\"https:\/\/www.europesays.com\/pt\/wp-content\/uploads\/2025\/12\/vini-netinho.jpg\"\/>Jogador Vini Jr. e irm\u00e3o Netinho posam para foto em campo \u2013 Foto: reprodu\u00e7\u00e3o\/Instagram <\/p>\n<blockquote class=\"instagram-media\" style=\"background: #FFF; border: 0; border-radius: 3px; box-shadow: 0 0 1px 0 rgba(0,0,0,0.5),0 1px 10px 0 rgba(0,0,0,0.15); margin: 1px; max-width: 540px; min-width: 326px; padding: 0; width: calc(100% - 2px);\" data-instgrm-captioned=\"\" data-instgrm-permalink=\"https:\/\/www.instagram.com\/p\/DNEafebtBwg\/?utm_source=ig_embed&amp;utm_campaign=loading\" data-instgrm-version=\"14\"><\/blockquote>\n<p>\u00a0<\/p>\n<p>        <a href=\"https:\/\/caras.com.br\/autor\/juliana-dracz\" rel=\"nofollow noopener\" target=\"_blank\">&#13;<br \/>\n          <img loading=\"lazy\" decoding=\"async\" alt=\"Juliana Dracz\" src=\"https:\/\/www.europesays.com\/pt\/wp-content\/uploads\/2025\/09\/436551461_2434711450057729_5105646040807821088_n_sqmd.png\" class=\"avatar avatar-115 photo rounded-circle\" height=\"115\" width=\"115\"\/>        <\/a><\/p>\n<p>Juliana Dracz \u00e9 rep\u00f3rter de conte\u00fado do site CARAS. Formada em Jornalismo pela Universidade Cat\u00f3lica de Bras\u00edlia, ela j\u00e1 trabalhou em grandes sites de entretenimento. Atualmente, escreve sobre novelas, celebridades e TV.<\/p>\n<p>\t                                            <script async src=\"\/\/www.instagram.com\/embed.js\"><\/script><\/p>\n","protected":false},"excerpt":{"rendered":"O\u00a0jogador de futebol Jos\u00e9 Oliveira Neto, mais conhecido como\u00a0Netinho, celebrou a chegada de seus 18 anos com um&hellip;\n","protected":false},"author":2,"featured_media":179612,"comment_status":"","ping_status":"","sticky":false,"template":"","format":"standard","meta":{"footnotes":""},"categories":[145],"tags":[211,210,114,115,36808,32,33,3126,973],"class_list":{"0":"post-179611","1":"post","2":"type-post","3":"status-publish","4":"format-standard","5":"has-post-thumbnail","7":"category-celebridades","8":"tag-celebridades","9":"tag-celebrities","10":"tag-entertainment","11":"tag-entretenimento","12":"tag-irmao-de-vini-jr","13":"tag-portugal","14":"tag-pt","15":"tag-vini-jr","16":"tag-virginia"},"share_on_mastodon":{"url":"https:\/\/pubeurope.com\/@pt\/115682170099703051","error":""},"_links":{"self":[{"href":"https:\/\/www.europesays.com\/pt\/wp-json\/wp\/v2\/posts\/179611","targetHints":{"allow":["GET"]}}],"collection":[{"href":"https:\/\/www.europesays.com\/pt\/wp-json\/wp\/v2\/posts"}],"about":[{"href":"https:\/\/www.europesays.com\/pt\/wp-json\/wp\/v2\/types\/post"}],"author":[{"embeddable":true,"href":"https:\/\/www.europesays.com\/pt\/wp-json\/wp\/v2\/users\/2"}],"replies":[{"embeddable":true,"href":"https:\/\/www.europesays.com\/pt\/wp-json\/wp\/v2\/comments?post=179611"}],"version-history":[{"count":0,"href":"https:\/\/www.europesays.com\/pt\/wp-json\/wp\/v2\/posts\/179611\/revisions"}],"wp:featuredmedia":[{"embeddable":true,"href":"https:\/\/www.europesays.com\/pt\/wp-json\/wp\/v2\/media\/179612"}],"wp:attachment":[{"href":"https:\/\/www.europesays.com\/pt\/wp-json\/wp\/v2\/media?parent=179611"}],"wp:term":[{"taxonomy":"category","embeddable":true,"href":"https:\/\/www.europesays.com\/pt\/wp-json\/wp\/v2\/categories?post=179611"},{"taxonomy":"post_tag","embeddable":true,"href":"https:\/\/www.europesays.com\/pt\/wp-json\/wp\/v2\/tags?post=179611"}],"curies":[{"name":"wp","href":"https:\/\/api.w.org\/{rel}","templated":true}]}}