{"id":179615,"date":"2025-12-08T05:02:23","date_gmt":"2025-12-08T05:02:23","guid":{"rendered":"https:\/\/www.europesays.com\/pt\/179615\/"},"modified":"2025-12-08T05:02:23","modified_gmt":"2025-12-08T05:02:23","slug":"cancer-de-pele-confira-orientacoes-sintomas-e-mitos-sobre-a-doenca","status":"publish","type":"post","link":"https:\/\/www.europesays.com\/pt\/179615\/","title":{"rendered":"C\u00e2ncer de pele: confira orienta\u00e7\u00f5es, sintomas e mitos sobre a doen\u00e7a"},"content":{"rendered":"<p>Um exemplo recente \u00e9 a tend\u00eancia de aplicar protetor solar apenas em algumas \u00e1reas do rosto para criar um &#8220;contorno natural&#8221;. Embora pare\u00e7a inofensivo, essa pr\u00e1tica exp\u00f5e \u00e1reas desprotegidas da pele aos raios UV, aumentando o risco de queimaduras, manchas, envelhecimento precoce e, principalmente, c\u00e2ncer de pele.<\/p>\n<blockquote><p>&#13;<\/p>\n<p>&#8220;Pr\u00e1ticas como essa mostram o quanto as redes sociais podem ser uma faca de dois gumes. Enquanto podem educar, tamb\u00e9m t\u00eam o potencial de propagar informa\u00e7\u00f5es sem embasamento cient\u00edfico, colocando a sa\u00fade das pessoas em risco. N\u00e3o h\u00e1 atalhos seguros quando o assunto \u00e9 prote\u00e7\u00e3o solar&#8221;, alerta Rodrigo Pereira.<\/p>\n<p>&#13;\n<\/p><\/blockquote>\n<p>Outro mito perigoso que ganhou for\u00e7a nas redes \u00e9 a ideia de que o protetor solar poderia causar c\u00e2ncer devido a subst\u00e2ncias qu\u00edmicas presentes em sua composi\u00e7\u00e3o. Essa alega\u00e7\u00e3o, no entanto, n\u00e3o tem respaldo cient\u00edfico.<\/p>\n","protected":false},"excerpt":{"rendered":"Um exemplo recente \u00e9 a tend\u00eancia de aplicar protetor solar apenas em algumas \u00e1reas do rosto para criar&hellip;\n","protected":false},"author":2,"featured_media":179616,"comment_status":"","ping_status":"","sticky":false,"template":"","format":"standard","meta":{"footnotes":""},"categories":[86],"tags":[1776,116,32,33,117],"class_list":{"0":"post-179615","1":"post","2":"type-post","3":"status-publish","4":"format-standard","5":"has-post-thumbnail","7":"category-saude","8":"tag-cancer","9":"tag-health","10":"tag-portugal","11":"tag-pt","12":"tag-saude"},"share_on_mastodon":{"url":"https:\/\/pubeurope.com\/@pt\/115682197016859825","error":""},"_links":{"self":[{"href":"https:\/\/www.europesays.com\/pt\/wp-json\/wp\/v2\/posts\/179615","targetHints":{"allow":["GET"]}}],"collection":[{"href":"https:\/\/www.europesays.com\/pt\/wp-json\/wp\/v2\/posts"}],"about":[{"href":"https:\/\/www.europesays.com\/pt\/wp-json\/wp\/v2\/types\/post"}],"author":[{"embeddable":true,"href":"https:\/\/www.europesays.com\/pt\/wp-json\/wp\/v2\/users\/2"}],"replies":[{"embeddable":true,"href":"https:\/\/www.europesays.com\/pt\/wp-json\/wp\/v2\/comments?post=179615"}],"version-history":[{"count":0,"href":"https:\/\/www.europesays.com\/pt\/wp-json\/wp\/v2\/posts\/179615\/revisions"}],"wp:featuredmedia":[{"embeddable":true,"href":"https:\/\/www.europesays.com\/pt\/wp-json\/wp\/v2\/media\/179616"}],"wp:attachment":[{"href":"https:\/\/www.europesays.com\/pt\/wp-json\/wp\/v2\/media?parent=179615"}],"wp:term":[{"taxonomy":"category","embeddable":true,"href":"https:\/\/www.europesays.com\/pt\/wp-json\/wp\/v2\/categories?post=179615"},{"taxonomy":"post_tag","embeddable":true,"href":"https:\/\/www.europesays.com\/pt\/wp-json\/wp\/v2\/tags?post=179615"}],"curies":[{"name":"wp","href":"https:\/\/api.w.org\/{rel}","templated":true}]}}