{"id":179621,"date":"2025-12-08T05:25:13","date_gmt":"2025-12-08T05:25:13","guid":{"rendered":"https:\/\/www.europesays.com\/pt\/179621\/"},"modified":"2025-12-08T05:25:13","modified_gmt":"2025-12-08T05:25:13","slug":"ciencia-aponta-que-cheiro-de-pum-pode-ajudar-na-protecao-cerebral-contra-alzheimer-noticias-r7","status":"publish","type":"post","link":"https:\/\/www.europesays.com\/pt\/179621\/","title":{"rendered":"Ci\u00eancia aponta que cheiro de pum pode ajudar na prote\u00e7\u00e3o cerebral contra Alzheimer \u2013 Noticias R7"},"content":{"rendered":"<p>LEIA AQUI O RESUMO DA NOT\u00cdCIA<\/p>\n<ul class=\"b-article-body-custom-embed-brief-news__list\" style=\"margin: 0; padding-left: 20px; list-style-type: disc;\">\n<li>Pesquisadores da Johns Hopkins Medicine descobriram que o sulfeto de hidrog\u00eanio, presente nas flatul\u00eancias, pode proteger o c\u00e9rebro contra o Alzheimer.<\/li>\n<li>O estudo revelou que pequenas quantidades desse g\u00e1s ajudam na comunica\u00e7\u00e3o celular e manuten\u00e7\u00e3o da sa\u00fade cerebral durante o envelhecimento.<\/li>\n<li>Experimentos com camundongos mostraram que a inje\u00e7\u00e3o de um composto que libera sulfeto de hidrog\u00eanio melhorou em 50% as fun\u00e7\u00f5es cognitivas e motoras dos animais.<\/li>\n<li>A pesquisa sugere que restaurar os n\u00edveis de sulfeto de hidrog\u00eanio pode prevenir a morte neural associada ao Alzheimer, abrindo caminho para novas terapias.<\/li>\n<\/ul>\n<p style=\"font-size: 0.8em; font-style: italic; text-align: right; margin-top: 15px; padding-bottom: 5px; margin-bottom: 0;\">Produzido pela Ri7a &#8211; a Intelig\u00eancia Artificial do R7<\/p>\n<p><img decoding=\"async\" data-chromatic=\"ignore\" alt=\"\" class=\"c-image\" loading=\"lazy\" src=\"https:\/\/www.europesays.com\/pt\/wp-content\/uploads\/2025\/12\/UFZYC6WO4JEJRGJKLKUE2JTX2A.jpeg\"  width=\"2304\" height=\"1792\"\/>Mau cheiro de um pum pode fazer bem para a sa\u00fade Imagem criada por IA\/Adobe Firefly <\/p>\n<p class=\"jarvics:base-text-neutral-high-400 base-text-[calc(theme(fontSize.xs)_*_var(--font-size,_1))] base-font-normal base-font-primary base-text-neutral-low-500 base-text-left\">Em uma descoberta que desperta curiosidade e surpresa, pesquisadores da Johns Hopkins Medicine, nos Estados Unidos, apontam que o g\u00e1s respons\u00e1vel pelo odor caracter\u00edstico das <a href=\"https:\/\/segredosdomundo.r7.com\/soltar-pum\/\" target=\"_blank\" rel=\"noreferrer nofollow noopener\" title=\"https:\/\/segredosdomundo.r7.com\/soltar-pum\/\">flatul\u00eancias<\/a>, o <a href=\"https:\/\/noticias.r7.com\/economia\/empresas-apontam-contaminacao-em-reserva-estrategica-de-petroleo-dos-eua-29032018\" target=\"_blank\" rel=\"noreferrer nofollow noopener\" title=\"https:\/\/noticias.r7.com\/economia\/empresas-apontam-contaminacao-em-reserva-estrategica-de-petroleo-dos-eua-29032018\">sulfeto de hidrog\u00eanio<\/a>, pode ter um papel importante na prote\u00e7\u00e3o do c\u00e9rebro contra processos degenerativos associados ao <a href=\"https:\/\/noticias.r7.com\/saude\/alzheimer-pode-comecar-por-quatro-trajetorias-distintas-aponta-pesquisa-04102025\/\" target=\"_blank\" rel=\"noreferrer nofollow noopener\" title=\"https:\/\/noticias.r7.com\/saude\/alzheimer-pode-comecar-por-quatro-trajetorias-distintas-aponta-pesquisa-04102025\/\">Alzheimer<\/a>. <\/p>\n<p class=\"jarvics:base-text-neutral-high-400 base-text-[calc(theme(fontSize.xs)_*_var(--font-size,_1))] base-font-normal base-font-primary base-text-neutral-low-500 base-text-left\">Embora t\u00f3xico em grandes concentra\u00e7\u00f5es, o composto parece oferecer benef\u00edcios relevantes quando presente em pequenas quantidades.<\/p>\n<p class=\"jarvics:base-text-neutral-high-400 base-text-[calc(theme(fontSize.xs)_*_var(--font-size,_1))] base-font-normal base-font-primary base-text-neutral-low-500 base-text-left\">Segundo o estudo publicado na revista cient\u00edfica Proceedings of the National Academies of Science, o organismo humano produz naturalmente quantidades m\u00ednimas de sulfeto de hidrog\u00eanio, utilizadas para regular diferentes fun\u00e7\u00f5es celulares. Essas mol\u00e9culas atuam como mensageiras qu\u00edmicas e colaboram no di\u00e1logo entre c\u00e9lulas e neur\u00f4nios, mecanismo que pode ser decisivo na manuten\u00e7\u00e3o da sa\u00fade cerebral ao longo do envelhecimento.<\/p>\n<p class=\"jarvics:base-text-neutral-high-400 base-text-[calc(theme(fontSize.xs)_*_var(--font-size,_1))] base-font-normal base-font-primary base-text-neutral-low-500 base-text-left\">A equipe liderada pela cientista Bindu Paul afirma ter encontrado evid\u00eancias s\u00f3lidas que conectam envelhecimento, neurodegenera\u00e7\u00e3o e sinaliza\u00e7\u00e3o celular mediada pelo g\u00e1s. O processo ocorre por meio da sulfidrata\u00e7\u00e3o, modifica\u00e7\u00e3o qu\u00edmica que altera prote\u00ednas-alvo. Os n\u00edveis dessa modifica\u00e7\u00e3o diminuem com a idade e s\u00e3o ainda mais reduzidos em pessoas com Alzheimer, segundo destacaram os autores do estudo.<\/p>\n<p class=\"jarvics:base-text-neutral-high-400 base-text-[calc(theme(fontSize.xs)_*_var(--font-size,_1))] base-font-normal base-font-primary base-text-neutral-low-500 base-text-left\">Para investigar o fen\u00f4meno, os cientistas analisaram camundongos geneticamente modificados para apresentar caracter\u00edsticas semelhantes \u00e0s do Alzheimer humano. Esses animais receberam inje\u00e7\u00f5es de um composto chamado NaGYY, capaz de liberar lentamente mol\u00e9culas de sulfeto de hidrog\u00eanio pelo corpo. Durante 12 semanas, os pesquisadores avaliaram mem\u00f3ria e coordena\u00e7\u00e3o motora dos animais.<\/p>\n<p class=\"jarvics:base-text-neutral-high-400 base-text-[calc(theme(fontSize.xs)_*_var(--font-size,_1))] base-font-normal base-font-primary base-text-neutral-low-500 base-text-left\">Os resultados chamaram aten\u00e7\u00e3o: os camundongos tratados tiveram melhora de 50% nas fun\u00e7\u00f5es cognitivas e motoras em compara\u00e7\u00e3o aos que n\u00e3o receberam o composto. Eles tamb\u00e9m demonstraram maior capacidade de recordar locais espec\u00edficos e exibiram comportamento mais ativo, sugerindo impacto positivo direto no funcionamento neural.<\/p>\n<p class=\"jarvics:base-text-neutral-high-400 base-text-[calc(theme(fontSize.xs)_*_var(--font-size,_1))] base-font-normal base-font-primary base-text-neutral-low-500 base-text-left\">Os mecanismos por tr\u00e1s dessa melhora foram analisados em experimentos posteriores. Os cientistas observaram que n\u00edveis saud\u00e1veis de sulfeto de hidrog\u00eanio regulam a a\u00e7\u00e3o de uma enzima chamada GSK3\u03b2. Na aus\u00eancia do g\u00e1s, essa enzima se liga excessivamente \u00e0 prote\u00edna Tau, cuja aglomera\u00e7\u00e3o dentro dos neur\u00f4nios bloqueia a comunica\u00e7\u00e3o entre as c\u00e9lulas e leva \u00e0 morte neural, processo t\u00edpico do Alzheimer.<\/p>\n<p class=\"jarvics:base-text-neutral-high-400 base-text-[calc(theme(fontSize.xs)_*_var(--font-size,_1))] base-font-normal base-font-primary base-text-neutral-low-500 base-text-left\">O estudo indica que restaurar a presen\u00e7a adequada de sulfeto de hidrog\u00eanio impede essa intera\u00e7\u00e3o destrutiva, preservando a fun\u00e7\u00e3o cerebral. Para os pesquisadores, compreender essa sequ\u00eancia de eventos \u00e9 crucial para o desenvolvimento de terapias capazes de interromper ou reverter partes da doen\u00e7a.<\/p>\n<p class=\"jarvics:base-text-neutral-high-400 base-text-[calc(theme(fontSize.xs)_*_var(--font-size,_1))] base-font-normal base-font-primary base-text-neutral-low-500 base-text-left\">At\u00e9 pouco tempo atr\u00e1s, faltavam ferramentas para reproduzir, em laborat\u00f3rio, a produ\u00e7\u00e3o de pequenas quantidades do g\u00e1s dentro das c\u00e9lulas. O composto utilizado no experimento promete preencher essa lacuna e, segundo os autores, aponta para futuras abordagens terap\u00eauticas que ajustem os n\u00edveis de sulfeto de hidrog\u00eanio no c\u00e9rebro como estrat\u00e9gia potencial contra o Alzheimer.<\/p>\n<p><video controls=\"\" class=\"video-js\" preload=\"metadata\" poster=\"https:\/\/d22yf0mxeu0gma.cloudfront.net\/11-20-2025\/t_438cb4a1bcb94807b64eb33b3f55b1d6_name_file_960x540_1600_v4_.jpg\" title=\"Boa Not&#xED;cia: Terapia gen&#xE9;tica restaura neur&#xF4;nios em estudo sobre Alzheimer\" data-sprite-url=\"\" data-metadata=\"{&quot;title&quot;:&quot;Boa Not&#xED;cia: Terapia gen&#xE9;tica restaura neur&#xF4;nios em estudo sobre Alzheimer&quot;,&quot;sectionName&quot;:&quot;R7&quot;,&quot;mainSection&quot;:&quot;Internacional&quot;,&quot;subSection&quot;:&quot;&quot;,&quot;views&quot;:&quot;&quot;,&quot;disableAdv&quot;:&quot;false&quot;,&quot;createdDate&quot;:&quot;2025-11-20T12:51:38Z&quot;,&quot;mainSectionUrl&quot;:&quot;https:\/\/record.r7.com\/fala-brasil\/boa-noticia\/video\/boa-noticia-terapia-genetica-restaura-neuronios-em-estudo-sobre-alzheimer-20112025\/&quot;,&quot;sectionPath&quot;:&quot;https:\/\/record.r7.com\/fala-brasil\/boa-noticia&quot;,&quot;ageRating&quot;:&quot;&quot;,&quot;ageRatingDescription&quot;:&quot;&quot;,&quot;duration&quot;:181226,&quot;playerUrl&quot;:&quot;https:\/\/record.r7.com\/player\/a1edc8f7-f881-4826-a9be-ca4adc91b2b3\/&quot;}\" data-player-params=\"{&quot;p&quot;:&quot;true&quot;,&quot;autoPlay&quot;:&quot;false&quot;,&quot;logo&quot;:&quot;true&quot;,&quot;playlistId&quot;:&quot;false&quot;,&quot;calhau&quot;:&quot;false&quot;,&quot;share&quot;:&quot;true&quot;,&quot;sz&quot;:&quot;false&quot;,&quot;full&quot;:&quot;true&quot;,&quot;customAdHash&quot;:&quot;\/7542\/r7noticias\/internacional&quot;,&quot;referrerUrl&quot;:&quot;&quot;,&quot;externalLinks&quot;:&quot;true&quot;,&quot;debug&quot;:&quot;false&quot;,&quot;debugHash&quot;:&quot;false&quot;,&quot;debugRelated&quot;:&quot;false&quot;,&quot;timerRelated&quot;:&quot;true&quot;,&quot;logoRecord&quot;:&quot;false&quot;,&quot;contextModal&quot;:&quot;false&quot;,&quot;parentUrl&quot;:&quot;https:\/\/record.r7.com\/&quot;,&quot;t&quot;:&quot;0&quot;,&quot;noTitle&quot;:false,&quot;endBehavior&quot;:&quot;default&quot;}\" data-related-videos=\"[{&quot;title&quot;:&quot;Com apoio da RECORD, Bora de Bike promove passeio noturno de bicicleta em Palmas (TO)&quot;,&quot;thumb&quot;:&quot;https:\/\/d22yf0mxeu0gma.cloudfront.net\/12-06-2025\/t_536fb7ab2bac4dcd8e6e8a7a5be2e03e_name_file_960x540_1600_v4_.jpg&quot;,&quot;url&quot;:&quot;https:\/\/record.r7.com\/fala-brasil\/video\/com-apoio-da-record-bora-de-bike-promove-passeio-noturno-de-bicicleta-em-palmas-to-06122025\/&quot;,&quot;embedUrl&quot;:&quot;https:\/\/record.r7.com\/player\/f1aa40e1-5a4d-488b-aa92-8c7e49e3a1c0\/&quot;},{&quot;title&quot;:&quot;Caminhoneiro sequestrado em SP &#xE9; resgatado pela Pol&#xED;cia Militar&quot;,&quot;thumb&quot;:&quot;https:\/\/d22yf0mxeu0gma.cloudfront.net\/12-06-2025\/t_fce144ae592b46a3bfccf9e63848b1c6_name_file_960x540_1600_v4_.jpg&quot;,&quot;url&quot;:&quot;https:\/\/record.r7.com\/fala-brasil\/video\/caminhoneiro-sequestrado-em-sp-e-resgatado-pela-policia-militar-06122025\/&quot;,&quot;embedUrl&quot;:&quot;https:\/\/record.r7.com\/player\/d9e46702-8d9b-4069-9a5e-d7ab032712fd\/&quot;},{&quot;title&quot;:&quot;EUA e Ucr&#xE2;nia avan&#xE7;am nas negocia&#xE7;&#xF5;es de paz na guerra contra a R&#xFA;ssia&quot;,&quot;thumb&quot;:&quot;https:\/\/d22yf0mxeu0gma.cloudfront.net\/12-06-2025\/t_7d5b7a0b36e242ee9ea972bca763f4e3_name_file_960x540_1600_v4_.jpg&quot;,&quot;url&quot;:&quot;https:\/\/record.r7.com\/fala-brasil\/video\/eua-e-ucrania-avancam-nas-negociacoes-de-paz-na-guerra-contra-a-russia-06122025\/&quot;,&quot;embedUrl&quot;:&quot;https:\/\/record.r7.com\/player\/50716e4f-77e6-468c-aa33-b80afdd56457\/&quot;}]\" data-player-url=\"https:\/\/record.r7.com\/player\/a1edc8f7-f881-4826-a9be-ca4adc91b2b3\/\" data-arc-video=\"\" data-arc-id=\"a1edc8f7-f881-4826-a9be-ca4adc91b2b3\" data-short=\"false\" style=\"visibility:hidden\"><\/video><\/p>\n<p class=\"jarvics:base-text-neutral-high-400 base-text-[calc(theme(fontSize.xs)_*_var(--font-size,_1))] base-font-normal base-font-primary base-text-neutral-low-500 base-text-left\"><b>Fique por dentro das principais not\u00edcias do dia no Brasil e no mundo. <\/b><a href=\"https:\/\/whatsapp.com\/channel\/0029Va6eEELGZNCyryabmO1m\" rel=\"nofollow noopener\" target=\"_blank\"><b>Siga o canal do R7<\/b><\/a><b>, o portal de not\u00edcias da Record, no WhatsApp<\/b><\/p>\n","protected":false},"excerpt":{"rendered":"LEIA AQUI O RESUMO DA NOT\u00cdCIA Pesquisadores da Johns Hopkins Medicine descobriram que o sulfeto de hidrog\u00eanio, presente&hellip;\n","protected":false},"author":2,"featured_media":179622,"comment_status":"","ping_status":"","sticky":false,"template":"","format":"standard","meta":{"footnotes":""},"categories":[86],"tags":[314,116,32,33,117],"class_list":{"0":"post-179621","1":"post","2":"type-post","3":"status-publish","4":"format-standard","5":"has-post-thumbnail","7":"category-saude","8":"tag-alzheimer","9":"tag-health","10":"tag-portugal","11":"tag-pt","12":"tag-saude"},"share_on_mastodon":{"url":"https:\/\/pubeurope.com\/@pt\/115682287830165761","error":""},"_links":{"self":[{"href":"https:\/\/www.europesays.com\/pt\/wp-json\/wp\/v2\/posts\/179621","targetHints":{"allow":["GET"]}}],"collection":[{"href":"https:\/\/www.europesays.com\/pt\/wp-json\/wp\/v2\/posts"}],"about":[{"href":"https:\/\/www.europesays.com\/pt\/wp-json\/wp\/v2\/types\/post"}],"author":[{"embeddable":true,"href":"https:\/\/www.europesays.com\/pt\/wp-json\/wp\/v2\/users\/2"}],"replies":[{"embeddable":true,"href":"https:\/\/www.europesays.com\/pt\/wp-json\/wp\/v2\/comments?post=179621"}],"version-history":[{"count":0,"href":"https:\/\/www.europesays.com\/pt\/wp-json\/wp\/v2\/posts\/179621\/revisions"}],"wp:featuredmedia":[{"embeddable":true,"href":"https:\/\/www.europesays.com\/pt\/wp-json\/wp\/v2\/media\/179622"}],"wp:attachment":[{"href":"https:\/\/www.europesays.com\/pt\/wp-json\/wp\/v2\/media?parent=179621"}],"wp:term":[{"taxonomy":"category","embeddable":true,"href":"https:\/\/www.europesays.com\/pt\/wp-json\/wp\/v2\/categories?post=179621"},{"taxonomy":"post_tag","embeddable":true,"href":"https:\/\/www.europesays.com\/pt\/wp-json\/wp\/v2\/tags?post=179621"}],"curies":[{"name":"wp","href":"https:\/\/api.w.org\/{rel}","templated":true}]}}