{"id":179623,"date":"2025-12-08T05:27:13","date_gmt":"2025-12-08T05:27:13","guid":{"rendered":"https:\/\/www.europesays.com\/pt\/179623\/"},"modified":"2025-12-08T05:27:13","modified_gmt":"2025-12-08T05:27:13","slug":"astronomos-capturam-estrelas-explodindo-em-detalhes-nunca-vistos-antes-na-galaxia-noticias-r7","status":"publish","type":"post","link":"https:\/\/www.europesays.com\/pt\/179623\/","title":{"rendered":"Astr\u00f4nomos capturam estrelas explodindo em detalhes nunca vistos antes na gal\u00e1xia \u2013 Noticias R7"},"content":{"rendered":"<p><img decoding=\"async\" data-chromatic=\"ignore\" alt=\"\" class=\"c-image\" loading=\"lazy\" src=\"https:\/\/www.europesays.com\/pt\/wp-content\/uploads\/2025\/12\/G3PGTUXFJRH3HBXBJQEVSQTUIU.jpeg\"  width=\"2048\" height=\"1152\"\/>Novas estelares revelam fluxos complexos e raios gama no espa\u00e7o (Imagem: The CHARA Array) Fala Ci\u00eancia <\/p>\n<p class=\"jarvics:base-text-neutral-high-400 base-text-[calc(theme(fontSize.xs)_*_var(--font-size,_1))] base-font-normal base-font-primary base-text-neutral-low-500 base-text-left\">\n<p>Observa\u00e7\u00f5es recentes revolucionaram a forma como entendemos <strong>novas estelares<\/strong>, explos\u00f5es que ocorrem quando uma <strong>an\u00e3 branca<\/strong> acumula material de uma estrela companheira e desencadeia uma rea\u00e7\u00e3o nuclear intensa. Pela primeira vez, astr\u00f4nomos capturaram imagens dessas explos\u00f5es poucos dias ap\u00f3s a erup\u00e7\u00e3o, oferecendo <strong>detalhes sem precedentes<\/strong> sobre os fluxos de material e a din\u00e2mica da eje\u00e7\u00e3o.<\/p>\n<\/p>\n<p class=\"jarvics:base-text-neutral-high-400 base-text-[calc(theme(fontSize.xs)_*_var(--font-size,_1))] base-font-normal base-font-primary base-text-neutral-low-500 base-text-left\">\n<p>O estudo internacional, publicado na <strong>revista Nature Astronomy<\/strong>, utilizou <strong>interferometria de alta resolu\u00e7\u00e3o<\/strong> no <strong>CHARA Array<\/strong>, permitindo combinar a luz de m\u00faltiplos telesc\u00f3pios para criar imagens diretas das novas em r\u00e1pida evolu\u00e7\u00e3o.<strong> <\/strong>Entre as descobertas mais importantes est\u00e3o:<\/p>\n<\/p>\n<p class=\"jarvics:base-text-neutral-high-400 base-text-[calc(theme(fontSize.xs)_*_var(--font-size,_1))] base-font-normal base-font-primary base-text-neutral-low-500 base-text-left\">\n<ul class=\"wp-block-list\">\n<li>\n<strong>Fluxos m\u00faltiplos de g\u00e1s:<\/strong> as erup\u00e7\u00f5es n\u00e3o ocorrem em um \u00fanico jato, mas em estruturas perpendiculares e complexas;<\/li>\n<li>\n<strong>Eje\u00e7\u00e3o retardada:<\/strong> algumas novas ret\u00eam material por semanas antes de liber\u00e1-lo, criando ondas de choque tardias;<\/li>\n<li>\n<strong>Emiss\u00e3o de raios gama:<\/strong> detec\u00e7\u00f5es do telesc\u00f3pio Fermi vinculam os fluxos colidindo \u00e0 radia\u00e7\u00e3o de alta energia;<\/li>\n<li>\n<strong>Velocidade de evolu\u00e7\u00e3o:<\/strong> novas como a <strong>V1674 Herculis<\/strong> brilham e desaparecem rapidamente, enquanto outras, como a <strong>V1405 Cassiopeiae<\/strong>, evoluem mais lentamente.<\/li>\n<\/ul>\n<p class=\"jarvics:base-text-neutral-high-400 base-text-[calc(theme(fontSize.xs)_*_var(--font-size,_1))] base-font-normal base-font-primary base-text-neutral-low-500 base-text-left\">\n<p>Esses detalhes desafiam a vis\u00e3o tradicional de novas como explos\u00f5es simples, mostrando que o processo envolve m\u00faltiplas etapas e intera\u00e7\u00f5es complexas entre os materiais ejetados.<\/p>\n<\/p>\n<p class=\"jarvics:base-text-neutral-high-400 base-text-[calc(theme(fontSize.xs)_*_var(--font-size,_1))] base-font-normal base-font-primary base-text-neutral-low-500 base-text-left\"><strong>Interferometria e espectroscopia: combinando t\u00e9cnicas avan\u00e7adas<\/strong><\/p>\n<p><img decoding=\"async\" data-chromatic=\"ignore\" alt=\"\" class=\"c-image\" loading=\"lazy\" src=\"https:\/\/www.europesays.com\/pt\/wp-content\/uploads\/2025\/12\/KNG7QQRF4NE2VONEWCAI3IZBGM.jpeg\"  width=\"1024\" height=\"576\"\/>Explos\u00f5es de estrelas mostram eje\u00e7\u00f5es m\u00faltiplas e choques intensos (Imagem: Observat\u00f3rio CHARA)<br \/>\n Fala Ci\u00eancia <\/p>\n<p class=\"jarvics:base-text-neutral-high-400 base-text-[calc(theme(fontSize.xs)_*_var(--font-size,_1))] base-font-normal base-font-primary base-text-neutral-low-500 base-text-left\">\n<p>A capacidade de capturar essas estruturas vem do uso de <strong>interferometria<\/strong>, a mesma t\u00e9cnica que possibilitou imagens do buraco negro central da gal\u00e1xia. Quando combinada com espectroscopia de telesc\u00f3pios como o <strong>Gemini<\/strong>, os cientistas puderam acompanhar a evolu\u00e7\u00e3o qu\u00edmica e cinem\u00e1tica do g\u00e1s ejetado, confirmando a geometria dos fluxos e a forma\u00e7\u00e3o de choques que geram <strong>radia\u00e7\u00e3o de alta energia<\/strong>.<\/p>\n<\/p>\n<p class=\"jarvics:base-text-neutral-high-400 base-text-[calc(theme(fontSize.xs)_*_var(--font-size,_1))] base-font-normal base-font-primary base-text-neutral-low-500 base-text-left\"><strong>Implica\u00e7\u00f5es para a f\u00edsica estelar<\/strong><\/p>\n<p class=\"jarvics:base-text-neutral-high-400 base-text-[calc(theme(fontSize.xs)_*_var(--font-size,_1))] base-font-normal base-font-primary base-text-neutral-low-500 base-text-left\">\n<p>O estudo de novas estelares oferece um <strong>laborat\u00f3rio natural<\/strong> para investigar fen\u00f4menos extremos, incluindo a forma\u00e7\u00e3o e propaga\u00e7\u00e3o de <strong>ondas de choque<\/strong> no espa\u00e7o, os mecanismos de <strong>acelera\u00e7\u00e3o de part\u00edculas<\/strong> em ambientes de alta energia e a <strong>conex\u00e3o entre rea\u00e7\u00f5es nucleares, eje\u00e7\u00e3o de material e emiss\u00e3o de raios gama<\/strong>.<\/p>\n<\/p>\n<p class=\"jarvics:base-text-neutral-high-400 base-text-[calc(theme(fontSize.xs)_*_var(--font-size,_1))] base-font-normal base-font-primary base-text-neutral-low-500 base-text-left\">\n<p>Essas descobertas transformam a compreens\u00e3o de novas estelares, revelando que suas explos\u00f5es s\u00e3o processos altamente estruturados e interativos, muito al\u00e9m de meros clar\u00f5es de luz. Observa\u00e7\u00f5es futuras prometem aprofundar ainda mais o conhecimento sobre a vida e morte das estrelas e sua influ\u00eancia no ambiente gal\u00e1ctico.<\/p><\/p>\n","protected":false},"excerpt":{"rendered":"Novas estelares revelam fluxos complexos e raios gama no espa\u00e7o (Imagem: The CHARA Array) Fala Ci\u00eancia Observa\u00e7\u00f5es recentes&hellip;\n","protected":false},"author":2,"featured_media":179624,"comment_status":"","ping_status":"","sticky":false,"template":"","format":"standard","meta":{"footnotes":""},"categories":[84],"tags":[109,107,108,32,33,105,103,104,106,110],"class_list":{"0":"post-179623","1":"post","2":"type-post","3":"status-publish","4":"format-standard","5":"has-post-thumbnail","7":"category-ciencia-e-tecnologia","8":"tag-ciencia","9":"tag-ciencia-e-tecnologia","10":"tag-cienciaetecnologia","11":"tag-portugal","12":"tag-pt","13":"tag-science","14":"tag-science-and-technology","15":"tag-scienceandtechnology","16":"tag-technology","17":"tag-tecnologia"},"share_on_mastodon":{"url":"https:\/\/pubeurope.com\/@pt\/115682295642084917","error":""},"_links":{"self":[{"href":"https:\/\/www.europesays.com\/pt\/wp-json\/wp\/v2\/posts\/179623","targetHints":{"allow":["GET"]}}],"collection":[{"href":"https:\/\/www.europesays.com\/pt\/wp-json\/wp\/v2\/posts"}],"about":[{"href":"https:\/\/www.europesays.com\/pt\/wp-json\/wp\/v2\/types\/post"}],"author":[{"embeddable":true,"href":"https:\/\/www.europesays.com\/pt\/wp-json\/wp\/v2\/users\/2"}],"replies":[{"embeddable":true,"href":"https:\/\/www.europesays.com\/pt\/wp-json\/wp\/v2\/comments?post=179623"}],"version-history":[{"count":0,"href":"https:\/\/www.europesays.com\/pt\/wp-json\/wp\/v2\/posts\/179623\/revisions"}],"wp:featuredmedia":[{"embeddable":true,"href":"https:\/\/www.europesays.com\/pt\/wp-json\/wp\/v2\/media\/179624"}],"wp:attachment":[{"href":"https:\/\/www.europesays.com\/pt\/wp-json\/wp\/v2\/media?parent=179623"}],"wp:term":[{"taxonomy":"category","embeddable":true,"href":"https:\/\/www.europesays.com\/pt\/wp-json\/wp\/v2\/categories?post=179623"},{"taxonomy":"post_tag","embeddable":true,"href":"https:\/\/www.europesays.com\/pt\/wp-json\/wp\/v2\/tags?post=179623"}],"curies":[{"name":"wp","href":"https:\/\/api.w.org\/{rel}","templated":true}]}}