{"id":179627,"date":"2025-12-08T05:30:44","date_gmt":"2025-12-08T05:30:44","guid":{"rendered":"https:\/\/www.europesays.com\/pt\/179627\/"},"modified":"2025-12-08T05:30:44","modified_gmt":"2025-12-08T05:30:44","slug":"condutor-que-fugiu-apos-atropelamento-mortal-entregou-se-observador","status":"publish","type":"post","link":"https:\/\/www.europesays.com\/pt\/179627\/","title":{"rendered":"Condutor que fugiu ap\u00f3s atropelamento mortal entregou-se \u2013 Observador"},"content":{"rendered":"<p>Uma pessoa morreu e outra ficou ferida num atropelamento em Canidelo, no concelho de Vila Nova de Gaia, no s\u00e1bado \u00e0 noite, tendo o condutor do ve\u00edculo fugido do local, segundo fonte dos Bombeiros Volunt\u00e1rios de Coimbr\u00f5es.<\/p>\n<p>O condutor suspeito de atropelamento entregou-se esta manh\u00e3 \u00e0 PSP, disse \u00e0 Lusa fonte daquela pol\u00edcia. \u201cO condutor j\u00e1 se entregou a esta pol\u00edcia\u201d, disse a fonte, n\u00e3o adiantando mais detalhes.<\/p>\n<p>No s\u00e1bado \u00e0 noite, pelas 21:45, um homem e uma mulher, ambos na casa dos 60 anos, foram atropelados por \u201cum ve\u00edculo em excesso de velocidade, ao que tudo indica\u201d, na marginal daquele concelho do distrito do Porto.<\/p>\n<p>O homem, de 65 anos, acabou por morrer no local e a mulher ficou com ferimentos ligeiros numa perna.<\/p>\n<p>O condutor do ve\u00edculo que atropelou as duas pessoas colocou-se em fuga.<\/p>\n<p>No local, estiveram os Bombeiros Volunt\u00e1rios de Coimbr\u00f5es, os Bombeiros Volunt\u00e1rios de Valadares, a PSP e o INEM.<\/p>\n<p>O alerta para um atropelamento com dois feridos, na Marginal de Gaia, foi dado pelas 21:45. Em declara\u00e7\u00f5es \u00e0 Lusa, a mesma fonte dos bombeiros de Coimbr\u00f5es indicou que um dos feridos, um homem de 65 anos, acabou por morrer no local. A segunda v\u00edtima, uma mulher de 64 anos, foi transportada para o hospital com ferimentos ligeiros.<\/p>\n<p>O condutor do ve\u00edculo que atropelou as duas pessoas colocou-se em fuga, e assim continuava pelas 00:50 de hoje.<\/p>\n<p>No local, al\u00e9m dos Bombeiros Volunt\u00e1rios de Coimbr\u00f5es, estiveram tamb\u00e9m os Bombeiros Volunt\u00e1rios de Valadares, a PSP e o INEM.<\/p>\n","protected":false},"excerpt":{"rendered":"Uma pessoa morreu e outra ficou ferida num atropelamento em Canidelo, no concelho de Vila Nova de Gaia,&hellip;\n","protected":false},"author":2,"featured_media":179628,"comment_status":"","ping_status":"","sticky":false,"template":"","format":"standard","meta":{"footnotes":""},"categories":[10],"tags":[59,27,28,15,16,14,25,26,21,22,12,13,19,20,32,23,24,33,58,17,18,29,30,31],"class_list":{"0":"post-179627","1":"post","2":"type-post","3":"status-publish","4":"format-standard","5":"has-post-thumbnail","7":"category-portugal","8":"tag-acidente","9":"tag-breaking-news","10":"tag-breakingnews","11":"tag-featured-news","12":"tag-featurednews","13":"tag-headlines","14":"tag-latest-news","15":"tag-latestnews","16":"tag-main-news","17":"tag-mainnews","18":"tag-news","19":"tag-noticias","20":"tag-noticias-principais","21":"tag-noticiasprincipais","22":"tag-portugal","23":"tag-principais-noticias","24":"tag-principaisnoticias","25":"tag-pt","26":"tag-sociedade","27":"tag-top-stories","28":"tag-topstories","29":"tag-ultimas","30":"tag-ultimas-noticias","31":"tag-ultimasnoticias"},"share_on_mastodon":{"url":"https:\/\/pubeurope.com\/@pt\/115682307141823202","error":""},"_links":{"self":[{"href":"https:\/\/www.europesays.com\/pt\/wp-json\/wp\/v2\/posts\/179627","targetHints":{"allow":["GET"]}}],"collection":[{"href":"https:\/\/www.europesays.com\/pt\/wp-json\/wp\/v2\/posts"}],"about":[{"href":"https:\/\/www.europesays.com\/pt\/wp-json\/wp\/v2\/types\/post"}],"author":[{"embeddable":true,"href":"https:\/\/www.europesays.com\/pt\/wp-json\/wp\/v2\/users\/2"}],"replies":[{"embeddable":true,"href":"https:\/\/www.europesays.com\/pt\/wp-json\/wp\/v2\/comments?post=179627"}],"version-history":[{"count":0,"href":"https:\/\/www.europesays.com\/pt\/wp-json\/wp\/v2\/posts\/179627\/revisions"}],"wp:featuredmedia":[{"embeddable":true,"href":"https:\/\/www.europesays.com\/pt\/wp-json\/wp\/v2\/media\/179628"}],"wp:attachment":[{"href":"https:\/\/www.europesays.com\/pt\/wp-json\/wp\/v2\/media?parent=179627"}],"wp:term":[{"taxonomy":"category","embeddable":true,"href":"https:\/\/www.europesays.com\/pt\/wp-json\/wp\/v2\/categories?post=179627"},{"taxonomy":"post_tag","embeddable":true,"href":"https:\/\/www.europesays.com\/pt\/wp-json\/wp\/v2\/tags?post=179627"}],"curies":[{"name":"wp","href":"https:\/\/api.w.org\/{rel}","templated":true}]}}