{"id":179636,"date":"2025-12-08T05:45:12","date_gmt":"2025-12-08T05:45:12","guid":{"rendered":"https:\/\/www.europesays.com\/pt\/179636\/"},"modified":"2025-12-08T05:45:12","modified_gmt":"2025-12-08T05:45:12","slug":"dezenas-de-mortos-incluindo-criancas-em-ataques-no-sudao","status":"publish","type":"post","link":"https:\/\/www.europesays.com\/pt\/179636\/","title":{"rendered":"Dezenas de mortos, incluindo crian\u00e7as, em ataques no Sud\u00e3o"},"content":{"rendered":"<p>Tr\u00eas ataques atingiram, na quinta-feira, &#8220;uma creche, depois um hospital&#8221; e, de seguida, &#8220;pessoas que tentavam socorrer as crian\u00e7as&#8221; nesta cidade do sul de Kordofan controlada pelo ex\u00e9rcito, disse \u00e0 ag\u00eancia France Presse (AFP) al-Din al-Sayed, chefe da unidade administrativa de Kalogi.<\/p>\n<p>Contactado pela AFP atrav\u00e9s de uma liga\u00e7\u00e3o Starlink, o respons\u00e1vel imputou o ataque \u00e0s For\u00e7as de Apoio R\u00e1pido (FSR), em guerra com o ex\u00e9rcito desde abril de 2023, e seus aliados do Movimento Popular de Liberta\u00e7\u00e3o do Norte do Sud\u00e3o, liderado por Abdelaziz al-Hilu.<\/p>\n<p>A verifica\u00e7\u00e3o das informa\u00e7\u00f5es em Kordofan padece de dificuldades de comunica\u00e7\u00e3o, numa zona de acesso pouco vi\u00e1vel, e o balan\u00e7o dos ataques mort\u00edferos de Kalogi permanece incerto, esclarece a AFP, que acrescenta n\u00e3o ter sido poss\u00edvel obter um coment\u00e1rio das FSR sobre os ataques.<\/p>\n<p>O respons\u00e1vel regional contactado pela AFP disse, todavia, haver 79 mortos, dos quais 40 crian\u00e7as.<\/p>\n<p>Na quinta-feira, a ag\u00eancia das Na\u00e7\u00f5es Unidas para a inf\u00e2ncia (UNICEF) indicou que o ataque tinha matado mais de 10 crian\u00e7as entre os cinco e os sete anos, enquanto as autoridades alinhadas com o ex\u00e9rcito estimavam o n\u00famero de mortos em 79, incluindo 43 crian\u00e7as.<\/p>\n<p>A Uni\u00e3o Africana registou mais de 100 mortos hoje, segundo n\u00fameros divulgados numa mensagem na rede social X pelo presidente Mahmoud Ali Youssouf, que se manifestou &#8220;consternado com as repetidas e crescentes atrocidades cometidas contra civis na regi\u00e3o&#8221;.<\/p>\n<p>&#8220;Matar crian\u00e7as na escola \u00e9 uma viola\u00e7\u00e3o horr\u00edvel dos direitos da crian\u00e7a&#8221;, denunciou na quinta-feira Sheldon Yett, representante da UNICEF no Sud\u00e3o, apelando a uma tr\u00e9gua humanit\u00e1ria.<\/p>\n<p>At\u00e9 agora, os esfor\u00e7os internacionais de paz n\u00e3o surtiram efeito, com os dois lados a tentarem consolidar posi\u00e7\u00f5es no terreno antes de qualquer negocia\u00e7\u00e3o.<\/p>\n<p>A guerra entre o ex\u00e9rcito e as FSR j\u00e1 causou dezenas de milhares de mortos e 12 milh\u00f5es de deslocados, mergulhando o pa\u00eds no que a ONU descreve como a pior crise humanit\u00e1ria do mundo.<\/p>\n<p>Depois de tomarem El-Facher, o \u00faltimo basti\u00e3o do ex\u00e9rcito em Darfur (oeste do Sud\u00e3o), no final de outubro, as FSR avan\u00e7aram com uma ofensiva na regi\u00e3o vizinha de Kordofan, uma zona agr\u00edcola f\u00e9rtil, rica em ouro e instala\u00e7\u00f5es petrol\u00edferas.<\/p>\n<p>Esta regi\u00e3o \u00e9 um ponto estrat\u00e9gico para o abastecimento, movimenta\u00e7\u00e3o de tropas e comunica\u00e7\u00f5es. Segundo analistas, o avan\u00e7o dos paramilitares tem como objetivo quebrar o arco defensivo do ex\u00e9rcito em torno do centro do Sud\u00e3o, com vista a uma contraofensiva sobre a capital, Cartum, e outras cidades perdidas nos \u00faltimos meses.<\/p>\n<p>Os combates for\u00e7aram mais de 40.000 pessoas a fugir do Kordofan, segundo a ONU.<\/p>\n<p>Na quinta-feira, o alto-comiss\u00e1rio da ONU para os Direitos Humanos, Volker T\u00fcrk, declarou temer &#8220;uma nova onda de atrocidades&#8221;. &#8220;\u00c9 verdadeiramente chocante ver a hist\u00f3ria repetir-se em Kordofan t\u00e3o pouco tempo depois dos terr\u00edveis acontecimentos de El-Facher&#8221;, afirmou, referindo-se a &#8220;casos de repres\u00e1lias, deten\u00e7\u00f5es arbitr\u00e1rias, raptos, viol\u00eancia sexual e recrutamentos for\u00e7ados, incluindo de crian\u00e7as&#8221;.<\/p>\n<p>Desde o final de outubro, a tomada de El-Facher pelas FSR foi marcada por massacres, viola\u00e7\u00f5es e pilhagens, segundo v\u00e1rios testemunhos de agentes humanit\u00e1rios e de sobreviventes.<\/p>\n<p>Os ataques a Kalogi ocorrem num momento em que o ex\u00e9rcito e os paramilitares se acusam mutuamente de ataques mortais.<\/p>\n<p>No norte de Darfur, um cami\u00e3o do Programa Alimentar Mundial (PAM) foi atacado, na quinta-feira, perto da cidade de Hamra El-Sheih, segundo a organiza\u00e7\u00e3o. O cami\u00e3o fazia parte de um comboio de ajuda destinado \u00e0 cidade ref\u00fagio de Tawila, 70 quil\u00f3metros a oeste, para onde fugiram milhares de civis de El Facher.<\/p>\n<p>O enviado especial norte-americano Massad Boulos condenou, no s\u00e1bado, o ataque, apelando \u00e0s partes beligerantes para que &#8220;cessassem as hostilidades e permitissem o acesso humanit\u00e1rio sem entraves&#8221;.<\/p>\n<p>Na sexta-feira, as FSR acusaram o ex\u00e9rcito de ter bombardeado a passagem de Adre, na fronteira com o Chade, crucial para a passagem de comboios humanit\u00e1rios. Todavia, fontes locais chadianas, que pediram o anonimato, referiram ter havido uma explos\u00e3o relacionada com o inc\u00eandio de um cami\u00e3o-cisterna.<\/p>\n<p>O ex\u00e9rcito acusa os Emirados \u00c1rabes Unidos de fornecer armas \u00e0s FSR, nomeadamente atrav\u00e9s do Chade e da L\u00edbia, o que Abu Dhabi nega, apesar das provas documentadas em v\u00e1rios relat\u00f3rios internacionais e inqu\u00e9ritos independentes.<\/p>\n<p>Leia Tamb\u00e9m: <a href=\"https:\/\/www.noticiasaominuto.com\/mundo\/2900541\/numero-de-mortos-de-ataque-a-escola-no-sudao-revisto-para-pelo-menos-50\" target=\"_blank\" rel=\"noopener noreferrer nofollow\">N\u00famero de mortos de ataque a escola no Sud\u00e3o revisto para pelo menos 50<\/a><\/p>\n","protected":false},"excerpt":{"rendered":"Tr\u00eas ataques atingiram, na quinta-feira, &#8220;uma creche, depois um hospital&#8221; e, de seguida, &#8220;pessoas que tentavam socorrer as&hellip;\n","protected":false},"author":2,"featured_media":179637,"comment_status":"","ping_status":"","sticky":false,"template":"","format":"standard","meta":{"footnotes":""},"categories":[50],"tags":[27,28,15,16,14,25,26,21,22,62,12,13,19,20,23,24,17,18,29,30,31,63,64,65],"class_list":{"0":"post-179636","1":"post","2":"type-post","3":"status-publish","4":"format-standard","5":"has-post-thumbnail","7":"category-mundo","8":"tag-breaking-news","9":"tag-breakingnews","10":"tag-featured-news","11":"tag-featurednews","12":"tag-headlines","13":"tag-latest-news","14":"tag-latestnews","15":"tag-main-news","16":"tag-mainnews","17":"tag-mundo","18":"tag-news","19":"tag-noticias","20":"tag-noticias-principais","21":"tag-noticiasprincipais","22":"tag-principais-noticias","23":"tag-principaisnoticias","24":"tag-top-stories","25":"tag-topstories","26":"tag-ultimas","27":"tag-ultimas-noticias","28":"tag-ultimasnoticias","29":"tag-world","30":"tag-world-news","31":"tag-worldnews"},"share_on_mastodon":{"url":"https:\/\/pubeurope.com\/@pt\/115682366219227742","error":""},"_links":{"self":[{"href":"https:\/\/www.europesays.com\/pt\/wp-json\/wp\/v2\/posts\/179636","targetHints":{"allow":["GET"]}}],"collection":[{"href":"https:\/\/www.europesays.com\/pt\/wp-json\/wp\/v2\/posts"}],"about":[{"href":"https:\/\/www.europesays.com\/pt\/wp-json\/wp\/v2\/types\/post"}],"author":[{"embeddable":true,"href":"https:\/\/www.europesays.com\/pt\/wp-json\/wp\/v2\/users\/2"}],"replies":[{"embeddable":true,"href":"https:\/\/www.europesays.com\/pt\/wp-json\/wp\/v2\/comments?post=179636"}],"version-history":[{"count":0,"href":"https:\/\/www.europesays.com\/pt\/wp-json\/wp\/v2\/posts\/179636\/revisions"}],"wp:featuredmedia":[{"embeddable":true,"href":"https:\/\/www.europesays.com\/pt\/wp-json\/wp\/v2\/media\/179637"}],"wp:attachment":[{"href":"https:\/\/www.europesays.com\/pt\/wp-json\/wp\/v2\/media?parent=179636"}],"wp:term":[{"taxonomy":"category","embeddable":true,"href":"https:\/\/www.europesays.com\/pt\/wp-json\/wp\/v2\/categories?post=179636"},{"taxonomy":"post_tag","embeddable":true,"href":"https:\/\/www.europesays.com\/pt\/wp-json\/wp\/v2\/tags?post=179636"}],"curies":[{"name":"wp","href":"https:\/\/api.w.org\/{rel}","templated":true}]}}