{"id":179638,"date":"2025-12-08T05:46:17","date_gmt":"2025-12-08T05:46:17","guid":{"rendered":"https:\/\/www.europesays.com\/pt\/179638\/"},"modified":"2025-12-08T05:46:17","modified_gmt":"2025-12-08T05:46:17","slug":"vai-chover-em-quase-todo-o-pais-mas-as-temperaturas-estarao-acima-do-normal-nit","status":"publish","type":"post","link":"https:\/\/www.europesays.com\/pt\/179638\/","title":{"rendered":"Vai chover em quase todo o Pa\u00eds, mas as temperaturas estar\u00e3o \u201cacima do normal\u201d \u2014 NiT"},"content":{"rendered":"<p>Depois de v\u00e1rios dias com tempo inst\u00e1vel, o cen\u00e1rio meteorol\u00f3gico vai mudar j\u00e1 a partir desta segunda-feira, 8 de dezembro. A chuva vai regressar a v\u00e1rias zonas do Pa\u00eds, mas com temperaturas acima da m\u00e9dia para esta altura do ano, segundo o Instituto Portugu\u00eas do Mar e da Atmosfera (IPMA).<\/p>\n<p>\u201cO territ\u00f3rio do continente ficar\u00e1 sob a influ\u00eancia de uma massa de ar quente e h\u00famido, o que originar\u00e1 ocorr\u00eancia frequente de chuva e redu\u00e7\u00e3o de visibilidade, em especial nas regi\u00f5es montanhosas\u201d, explicou o IPMA em comunicado.<\/p>\n<p>As temperaturas m\u00e1ximas devem variar entre os 15 e os 18 graus, enquanto as m\u00ednimas ir\u00e3o manter-se entre os 9 e os 13, sobretudo junto ao litoral.<\/p>\n<p>Esta segunda-feira, 8 de dezembro, prev\u00ea-se chuva fraca em v\u00e1rios pontos do Pa\u00eds, especialmente no litoral norte e centro. Em Lisboa, o c\u00e9u vai apresentar-se muito nublado, embora se esperem algumas abertas ao longo da tarde. H\u00e1 tamb\u00e9m possibilidade de aguaceiros ligeiros.<\/p>\n<p>Para ter\u00e7a e quarta-feira, 9 e 10, o IPMA alerta para a passagem de sistemas frontais que v\u00e3o trazer precipita\u00e7\u00e3o mais intensa. \u201cEpis\u00f3dios de passagem de sistemas frontais ir\u00e3o provocar vento de oeste moderado a forte nas terras altas e no litoral oeste\u201d, indicou a entidade. Nestes dois dias, a chuva ser\u00e1 mais forte em todo o Pa\u00eds, sobretudo na regi\u00e3o noroeste.<\/p>\n<p>Quanto \u00e0s temperaturas, Sines, Faro e Sagres v\u00e3o registar os valores mais elevados, com m\u00e1ximas de 20 graus e m\u00ednimas de 15. No outro extremo, Guarda, Bragan\u00e7a e Vila Real ser\u00e3o os distritos mais frios: em Vila Real a m\u00e1xima ser\u00e1 de 13 graus, enquanto na Guarda n\u00e3o dever\u00e1 ultrapassar os oito.<\/p>\n","protected":false},"excerpt":{"rendered":"Depois de v\u00e1rios dias com tempo inst\u00e1vel, o cen\u00e1rio meteorol\u00f3gico vai mudar j\u00e1 a partir desta segunda-feira, 8&hellip;\n","protected":false},"author":2,"featured_media":179639,"comment_status":"","ping_status":"","sticky":false,"template":"","format":"standard","meta":{"footnotes":""},"categories":[10],"tags":[27,28,15,16,14,25,26,21,22,12,13,19,20,32,23,24,33,17,18,29,30,31],"class_list":{"0":"post-179638","1":"post","2":"type-post","3":"status-publish","4":"format-standard","5":"has-post-thumbnail","7":"category-portugal","8":"tag-breaking-news","9":"tag-breakingnews","10":"tag-featured-news","11":"tag-featurednews","12":"tag-headlines","13":"tag-latest-news","14":"tag-latestnews","15":"tag-main-news","16":"tag-mainnews","17":"tag-news","18":"tag-noticias","19":"tag-noticias-principais","20":"tag-noticiasprincipais","21":"tag-portugal","22":"tag-principais-noticias","23":"tag-principaisnoticias","24":"tag-pt","25":"tag-top-stories","26":"tag-topstories","27":"tag-ultimas","28":"tag-ultimas-noticias","29":"tag-ultimasnoticias"},"share_on_mastodon":{"url":"https:\/\/pubeurope.com\/@pt\/115682370103744844","error":""},"_links":{"self":[{"href":"https:\/\/www.europesays.com\/pt\/wp-json\/wp\/v2\/posts\/179638","targetHints":{"allow":["GET"]}}],"collection":[{"href":"https:\/\/www.europesays.com\/pt\/wp-json\/wp\/v2\/posts"}],"about":[{"href":"https:\/\/www.europesays.com\/pt\/wp-json\/wp\/v2\/types\/post"}],"author":[{"embeddable":true,"href":"https:\/\/www.europesays.com\/pt\/wp-json\/wp\/v2\/users\/2"}],"replies":[{"embeddable":true,"href":"https:\/\/www.europesays.com\/pt\/wp-json\/wp\/v2\/comments?post=179638"}],"version-history":[{"count":0,"href":"https:\/\/www.europesays.com\/pt\/wp-json\/wp\/v2\/posts\/179638\/revisions"}],"wp:featuredmedia":[{"embeddable":true,"href":"https:\/\/www.europesays.com\/pt\/wp-json\/wp\/v2\/media\/179639"}],"wp:attachment":[{"href":"https:\/\/www.europesays.com\/pt\/wp-json\/wp\/v2\/media?parent=179638"}],"wp:term":[{"taxonomy":"category","embeddable":true,"href":"https:\/\/www.europesays.com\/pt\/wp-json\/wp\/v2\/categories?post=179638"},{"taxonomy":"post_tag","embeddable":true,"href":"https:\/\/www.europesays.com\/pt\/wp-json\/wp\/v2\/tags?post=179638"}],"curies":[{"name":"wp","href":"https:\/\/api.w.org\/{rel}","templated":true}]}}