{"id":179646,"date":"2025-12-08T05:59:11","date_gmt":"2025-12-08T05:59:11","guid":{"rendered":"https:\/\/www.europesays.com\/pt\/179646\/"},"modified":"2025-12-08T05:59:11","modified_gmt":"2025-12-08T05:59:11","slug":"franca-ameaca-impor-taxas-aduaneiras-a-china-nos-proximos-meses","status":"publish","type":"post","link":"https:\/\/www.europesays.com\/pt\/179646\/","title":{"rendered":"Fran\u00e7a amea\u00e7a impor taxas aduaneiras \u00e0 China &#8220;nos pr\u00f3ximos meses&#8221;"},"content":{"rendered":"<p>O Presidente de Fran\u00e7a, Emmanuel Macron, amea\u00e7ou hoje a China com taxas aduaneiras &#8220;nos pr\u00f3ximos meses&#8221; caso Pequim n\u00e3o tome medidas para reduzir o excedente comercial face \u00e0 Uni\u00e3o Europeia.<\/p>\n<p>&#8220;Disse-lhes que, se n\u00e3o reagirem, n\u00f3s, europeus, seremos obrigados num futuro muito pr\u00f3ximo a tomar medidas dr\u00e1sticas [&#8230;] como os Estados Unidos, como por exemplo direitos aduaneiros sobre produtos chineses&#8221;, disse o presidente franc\u00eas em entrevista hoje ao jornal franc\u00eas Les Echos, no regresso da viagem oficial \u00e0 China.<\/p>\n<p>Washington imp\u00f4s tarifas elevadas sobre os produtos chineses. Em outubro, no \u00e2mbito de um acordo entre a China e os Estados Unidos, foram reduzidas de 57% para 47%.<\/p>\n<p>Segundo Macron, a pol\u00edtica comercial chinesa est\u00e1 &#8220;a atingir o cerne do modelo industrial e de inova\u00e7\u00e3o europeu, historicamente baseado em m\u00e1quinas-ferramenta e autom\u00f3veis&#8221;, e o protecionismo da administra\u00e7\u00e3o norte-americana ainda piora a situa\u00e7\u00e3o pois faz redirecionar os fluxos comerciais chineses para os mercados europeus.<\/p>\n<p>&#8220;\u00c9 uma quest\u00e3o de vida ou de morte para a ind\u00fastria europeia&#8221;, lamentou.<\/p>\n<p>Macron admitiu, contudo, que uma frente europeia unida face \u00e0 China n\u00e3o \u00e9 f\u00e1cil, uma vez que a Alemanha tem uma presen\u00e7a significativa no pa\u00eds.<\/p>\n<p>&#8220;Ainda n\u00e3o est\u00e1 totalmente do nosso lado&#8221;, disse, sobre a Alemanha.<\/p>\n<p>Para Emmanuel Macron, para reduzir o seu d\u00e9fice comercial com a China, a Uni\u00e3o Europeia tamb\u00e9m deve aceitar investimentos chineses.<\/p>\n<p>&#8220;N\u00e3o podemos importar constantemente. As empresas chinesas precisam de vir para a Europa&#8221;, argumentou ao jornal Les Echos, mas vincando que os investimentos chineses na Europa &#8220;n\u00e3o devem ser predat\u00f3rios, isto \u00e9, feitos com o objetivo de hegemonia e de cria\u00e7\u00e3o de depend\u00eancias&#8221;.<\/p>\n<p>J\u00e1 a Uni\u00e3o Europeia, defendeu, deve proteger os seus setores mais vulner\u00e1veis ?&#8212; como a ind\u00fastria autom\u00f3vel, que enfrenta o efeito avassalador dos ve\u00edculos el\u00e9tricos chineses &#8212; e, simultaneamente, &#8220;retomar uma pol\u00edtica de competitividade&#8221;.<\/p>\n<p>Para o Presidente de Fran\u00e7a, tal exige &#8220;simplifica\u00e7\u00e3o, aprofundamento do mercado \u00fanico, investimento na inova\u00e7\u00e3o, prote\u00e7\u00e3o justa das fronteiras [europeias], concretiza\u00e7\u00e3o da uni\u00e3o aduaneira (&#8230;) e uma pol\u00edtica monet\u00e1ria ajustada&#8221;.<\/p>\n<p>A rela\u00e7\u00e3o entre a China e a Uni\u00e3o Europeia \u00e9 caracterizada por um enorme d\u00e9fice comercial (357,1 mil milh\u00f5es de d\u00f3lares, 306,3 mil milh\u00f5es de euros) em detrimento da UE. A Fran\u00e7a considera as pr\u00e1ticas comerciais chinesas desleais.<\/p>\n<p>Na visita \u00e0 China, onde se reuniu v\u00e1rias vezes com o seu hom\u00f3logo chin\u00eas, Xi Jinping, Macron fez-se acompanhar por 35 l\u00edderes de grandes grupos empresariais (incluindo Airbus, EDF e Danone) e empresas familiares, do setor de luxo ao agroalimentar.<\/p>\n<p>Leia Tamb\u00e9m: <a href=\"https:\/\/www.noticiasaominuto.com\/mundo\/2898278\/lula-pediu-a-trump-que-retirasse-o-resto-das-taxas-impostas-pelos-eua\" target=\"_blank\" rel=\"noopener noreferrer nofollow\">Lula pediu a Trump que retirasse o resto das taxas impostas pelos EUA<\/a><\/p>\n","protected":false},"excerpt":{"rendered":"O Presidente de Fran\u00e7a, Emmanuel Macron, amea\u00e7ou hoje a China com taxas aduaneiras &#8220;nos pr\u00f3ximos meses&#8221; caso Pequim&hellip;\n","protected":false},"author":2,"featured_media":179647,"comment_status":"","ping_status":"","sticky":false,"template":"","format":"standard","meta":{"footnotes":""},"categories":[50],"tags":[27,28,15,16,14,25,26,21,22,62,12,13,19,20,23,24,17,18,29,30,31,63,64,65],"class_list":{"0":"post-179646","1":"post","2":"type-post","3":"status-publish","4":"format-standard","5":"has-post-thumbnail","7":"category-mundo","8":"tag-breaking-news","9":"tag-breakingnews","10":"tag-featured-news","11":"tag-featurednews","12":"tag-headlines","13":"tag-latest-news","14":"tag-latestnews","15":"tag-main-news","16":"tag-mainnews","17":"tag-mundo","18":"tag-news","19":"tag-noticias","20":"tag-noticias-principais","21":"tag-noticiasprincipais","22":"tag-principais-noticias","23":"tag-principaisnoticias","24":"tag-top-stories","25":"tag-topstories","26":"tag-ultimas","27":"tag-ultimas-noticias","28":"tag-ultimasnoticias","29":"tag-world","30":"tag-world-news","31":"tag-worldnews"},"share_on_mastodon":{"url":"https:\/\/pubeurope.com\/@pt\/115682421333602486","error":""},"_links":{"self":[{"href":"https:\/\/www.europesays.com\/pt\/wp-json\/wp\/v2\/posts\/179646","targetHints":{"allow":["GET"]}}],"collection":[{"href":"https:\/\/www.europesays.com\/pt\/wp-json\/wp\/v2\/posts"}],"about":[{"href":"https:\/\/www.europesays.com\/pt\/wp-json\/wp\/v2\/types\/post"}],"author":[{"embeddable":true,"href":"https:\/\/www.europesays.com\/pt\/wp-json\/wp\/v2\/users\/2"}],"replies":[{"embeddable":true,"href":"https:\/\/www.europesays.com\/pt\/wp-json\/wp\/v2\/comments?post=179646"}],"version-history":[{"count":0,"href":"https:\/\/www.europesays.com\/pt\/wp-json\/wp\/v2\/posts\/179646\/revisions"}],"wp:featuredmedia":[{"embeddable":true,"href":"https:\/\/www.europesays.com\/pt\/wp-json\/wp\/v2\/media\/179647"}],"wp:attachment":[{"href":"https:\/\/www.europesays.com\/pt\/wp-json\/wp\/v2\/media?parent=179646"}],"wp:term":[{"taxonomy":"category","embeddable":true,"href":"https:\/\/www.europesays.com\/pt\/wp-json\/wp\/v2\/categories?post=179646"},{"taxonomy":"post_tag","embeddable":true,"href":"https:\/\/www.europesays.com\/pt\/wp-json\/wp\/v2\/tags?post=179646"}],"curies":[{"name":"wp","href":"https:\/\/api.w.org\/{rel}","templated":true}]}}