{"id":179648,"date":"2025-12-08T06:00:30","date_gmt":"2025-12-08T06:00:30","guid":{"rendered":"https:\/\/www.europesays.com\/pt\/179648\/"},"modified":"2025-12-08T06:00:30","modified_gmt":"2025-12-08T06:00:30","slug":"comboio-a-vapor-do-porto-regressa-com-viagens-magicas-ate-a-maior-arvore-de-natal-do-pais-nit","status":"publish","type":"post","link":"https:\/\/www.europesays.com\/pt\/179648\/","title":{"rendered":"Comboio a vapor do Porto regressa com viagens m\u00e1gicas at\u00e9 \u00e0 maior \u00e1rvore de Natal do Pa\u00eds \u2014 NiT"},"content":{"rendered":"<p>A hist\u00f3ria do comboio a vapor em Portugal cruza-se com a mem\u00f3ria afetiva de v\u00e1rias gera\u00e7\u00f5es. Durante d\u00e9cadas, estas locomotivas puxadas a carv\u00e3o foram o som do progresso \u2014 com o seu apito inconfund\u00edvel, o vapor a escapar pela chamin\u00e9 e aquele avan\u00e7ar lento que parecia ritmar a paisagem.<\/p>\n<p>A CP preservou algumas dessas pe\u00e7as raras, transformando-as, nos \u00faltimos anos, em estrelas de iniciativas especiais. Uma delas \u00e9 o Comboio Hist\u00f3rico de Natal a Vapor, que come\u00e7ou a ganhar forma como programa festivo h\u00e1 cerca de uma d\u00e9cada e que rapidamente se tornou um cl\u00e1ssico de inverno \u2014 amado por fam\u00edlias, aficionados do ferrovi\u00e1rio e quem procura uma experi\u00eancia diferente para viver a quadra.<\/p>\n<p>Este ano, a tradi\u00e7\u00e3o volta a repetir-se. Entre 13 de dezembro e 4 de janeiro, aos s\u00e1bados e domingos, a ic\u00f3nica locomotiva a vapor CP 0186 regressa aos carris entre as esta\u00e7\u00f5es de\u00a0S\u00e3o Bento e Ermesinde, acompanhada por cinco carruagens hist\u00f3ricas de madeira. Todas surgem decoradas com luzes e motivos natal\u00edcios, recriando o esp\u00edrito de uma viagem de outros tempos \u2014 mas com a magia que s\u00f3 dezembro sabe trazer.<\/p>\n<p data-start=\"1558\" data-end=\"2072\">H\u00e1 quatro viagens por dia: duas sa\u00eddas do Porto para Ermesinde e duas no sentido inverso. O percurso \u00e9 curto, mas totalmente imersivo. O som caracter\u00edstico da m\u00e1quina, as nuvens de vapor e o movimento da locomotiva criam uma atmosfera quase cinematogr\u00e1fica, como se os passageiros entrassem num postal antigo. A bordo, a experi\u00eancia ganha ainda mais vida: duendes, elfos luminosos e at\u00e9 personagens de teatro de \u00e9poca percorrem as carruagens, conversam com os passageiros, tiram fotografias e distribuem doces.<\/p>\n<p data-start=\"2074\" data-end=\"2465\">A chegada a Ermesinde acrescenta outra raz\u00e3o para embarcar. A poucos minutos a p\u00e9 da esta\u00e7\u00e3o ergue-se a atra\u00e7\u00e3o que mais tem dado que falar: a \u201cmaior \u00e1rvore de Natal do Pa\u00eds\u201d, instalada no Parque Urbano e com 55 metros de altura. Vista ao vivo, \u00e9 impressionante \u2014 gigantesca, iluminada e rodeada por uma verdadeira Aldeia de Natal, com m\u00fasica, anima\u00e7\u00e3o e decora\u00e7\u00f5es em grande escala.<\/p>\n<blockquote class=\"instagram-media\" style=\"background: #FFF; border: 0; border-radius: 3px; box-shadow: 0 0 1px 0 rgba(0,0,0,0.5),0 1px 10px 0 rgba(0,0,0,0.15); margin: 1px; max-width: 540px; min-width: 326px; padding: 0; width: calc(100% - 2px);\" data-instgrm-captioned=\"\" data-instgrm-permalink=\"https:\/\/www.instagram.com\/reel\/DRsGhsgCcx_\/?utm_source=ig_embed&amp;utm_campaign=loading\" data-instgrm-version=\"14\">\n<\/blockquote>\n<p data-start=\"2494\" data-end=\"2865\">Aos s\u00e1bados, as viagens v\u00e3o a acontecer nos dias 13, 20 e 27 de dezembro e 3 de janeiro, j\u00e1 aos domingos est\u00e3o marcadas para 14, 21 e 28 de dezembro e 4 de janeiro. Os hor\u00e1rios diferem consoante o dia escolhido, mas todos os percursos se realizam durante o per\u00edodo da tarde, com\u00a0partida da esta\u00e7\u00e3o de S\u00e3o Bento \u2014 considerada uma das mais bonitas do mundo \u2014, seguindo depois para Campanh\u00e3 e Ermesinde.<\/p>\n<p data-start=\"2494\" data-end=\"2865\">Os bilhetes custam 13\u20ac para adultos e 6,50\u20ac para mi\u00fados dos quatro aos 12 anos, sendo v\u00e1lidos apenas para o dia e sentido escolhidos (sem possibilidade de troca ou reembolsados). Quem quiser fazer ida e volta deve adquirir dois bilhetes. H\u00e1, no entanto, uma vantagem especial: no pr\u00f3prio dia, o bilhete deste comboio permite viajar livremente nos Urbanos do Porto.\u00a0Os t\u00edtulos de transporte est\u00e3o \u00e0 venda <a href=\"https:\/\/www.cp.pt\/info\/w\/christmas-steam-train\" target=\"_blank\" rel=\"nofollow noopener\">online<\/a> e nas bilheteiras f\u00edsicas da CP.<\/p>\n<p><script async src=\"\/\/www.instagram.com\/embed.js\"><\/script><\/p>\n","protected":false},"excerpt":{"rendered":"A hist\u00f3ria do comboio a vapor em Portugal cruza-se com a mem\u00f3ria afetiva de v\u00e1rias gera\u00e7\u00f5es. Durante d\u00e9cadas,&hellip;\n","protected":false},"author":2,"featured_media":179649,"comment_status":"","ping_status":"","sticky":false,"template":"","format":"standard","meta":{"footnotes":""},"categories":[10],"tags":[27,28,15,16,14,25,26,21,22,12,13,19,20,32,23,24,33,17,18,29,30,31],"class_list":{"0":"post-179648","1":"post","2":"type-post","3":"status-publish","4":"format-standard","5":"has-post-thumbnail","7":"category-portugal","8":"tag-breaking-news","9":"tag-breakingnews","10":"tag-featured-news","11":"tag-featurednews","12":"tag-headlines","13":"tag-latest-news","14":"tag-latestnews","15":"tag-main-news","16":"tag-mainnews","17":"tag-news","18":"tag-noticias","19":"tag-noticias-principais","20":"tag-noticiasprincipais","21":"tag-portugal","22":"tag-principais-noticias","23":"tag-principaisnoticias","24":"tag-pt","25":"tag-top-stories","26":"tag-topstories","27":"tag-ultimas","28":"tag-ultimas-noticias","29":"tag-ultimasnoticias"},"share_on_mastodon":{"url":"https:\/\/pubeurope.com\/@pt\/115682425109687031","error":""},"_links":{"self":[{"href":"https:\/\/www.europesays.com\/pt\/wp-json\/wp\/v2\/posts\/179648","targetHints":{"allow":["GET"]}}],"collection":[{"href":"https:\/\/www.europesays.com\/pt\/wp-json\/wp\/v2\/posts"}],"about":[{"href":"https:\/\/www.europesays.com\/pt\/wp-json\/wp\/v2\/types\/post"}],"author":[{"embeddable":true,"href":"https:\/\/www.europesays.com\/pt\/wp-json\/wp\/v2\/users\/2"}],"replies":[{"embeddable":true,"href":"https:\/\/www.europesays.com\/pt\/wp-json\/wp\/v2\/comments?post=179648"}],"version-history":[{"count":0,"href":"https:\/\/www.europesays.com\/pt\/wp-json\/wp\/v2\/posts\/179648\/revisions"}],"wp:featuredmedia":[{"embeddable":true,"href":"https:\/\/www.europesays.com\/pt\/wp-json\/wp\/v2\/media\/179649"}],"wp:attachment":[{"href":"https:\/\/www.europesays.com\/pt\/wp-json\/wp\/v2\/media?parent=179648"}],"wp:term":[{"taxonomy":"category","embeddable":true,"href":"https:\/\/www.europesays.com\/pt\/wp-json\/wp\/v2\/categories?post=179648"},{"taxonomy":"post_tag","embeddable":true,"href":"https:\/\/www.europesays.com\/pt\/wp-json\/wp\/v2\/tags?post=179648"}],"curies":[{"name":"wp","href":"https:\/\/api.w.org\/{rel}","templated":true}]}}