{"id":179659,"date":"2025-12-08T06:22:07","date_gmt":"2025-12-08T06:22:07","guid":{"rendered":"https:\/\/www.europesays.com\/pt\/179659\/"},"modified":"2025-12-08T06:22:07","modified_gmt":"2025-12-08T06:22:07","slug":"treze-obras-de-arte-de-henri-matisse-e-candido-portinari-roubadas-de-biblioteca-em-sao-paulo","status":"publish","type":"post","link":"https:\/\/www.europesays.com\/pt\/179659\/","title":{"rendered":"Treze obras de arte de Henri Matisse e Candido Portinari roubadas de biblioteca em S\u00e3o Paulo"},"content":{"rendered":"<p id=\"block-1\">Oito gravuras do pintor franc\u00eas Henri Matisse e cinco do brasileiro Candido Portinari foram roubadas de uma biblioteca em S\u00e3o Paulo, onde integravam uma exposi\u00e7\u00e3o, anunciou a C\u00e2mara Municipal daquela cidade brasileira.<\/p>\n<p id=\"block-2\">De acordo com meios de comunica\u00e7\u00e3o social brasileiros, as obras, que integravam uma exposi\u00e7\u00e3o, foram levadas da Biblioteca Municipal M\u00e1rio de Andrade, no centro de S\u00e3o Paulo, por dois homens armados.<\/p>\n<p id=\"block-3\">A Secretaria Municipal de Cultura e Economia Criativa assegura, num comunicado citado por v\u00e1rios meios, que &#8220;o local disp\u00f5e de equipa de vigil\u00e2ncia e sistema de c\u00e2maras de seguran\u00e7a&#8221;, estando &#8220;todo o material que possa servir \u00e0 investiga\u00e7\u00e3o&#8221; a ser passado \u00e0s autoridades policiais.<\/p>\n<p id=\"block-4\">As autoridades n\u00e3o divulgaram detalhes sobre as obras de Matisse (1869-1954) e Portinari (1903-1962) que foram roubadas.<\/p>\n<p id=\"block-5\">As gravuras de Henri Matisse e Candido Portinari integravam a exposi\u00e7\u00e3o &#8220;Do livro ao museu: MAM [Museu de Arte Moderna] S\u00e3o Paulo e a Biblioteca M\u00e1rio de Andrade&#8221;, inaugurada em 04 de outubro e que estava patente at\u00e9 hoje.<\/p>\n<p id=\"block-6\">De acordo com informa\u00e7\u00e3o dispon\u00edvel no site do MAM de S\u00e3o Paulo, a mostra integrava maioritariamente obras das d\u00e9cadas de 1949 e 1950, &#8220;per\u00edodo de sedimenta\u00e7\u00e3o da arte moderna e de espa\u00e7os a esta dedicados&#8221;, al\u00e9m de &#8220;uma sele\u00e7\u00e3o criteriosa de livros adquiridos a fim de representar a produ\u00e7\u00e3o moderna na cole\u00e7\u00e3o da Biblioteca M\u00e1rio de Andrade nesse per\u00edodo&#8221;. <\/p>\n<p id=\"block-7\">A exposi\u00e7\u00e3o inclu\u00eda &#8220;obras raras e importantes, como &#8216;Jazz&#8217;, de Henri Matisse, ou &#8216;Cirque&#8217;, de Fernand L\u00e9ger, exemplares de grande relev\u00e2ncia que colocaram artistas e investigadores brasileiros em contacto com a produ\u00e7\u00e3o modernista europeia&#8221;.<\/p>\n<p id=\"block-8\">&#8220;Jazz&#8221; \u00e9 apresentada no cat\u00e1logo da exposi\u00e7\u00e3o como &#8220;uma obra expoente&#8221; da produ\u00e7\u00e3o art\u00edstica tardia do artista franc\u00eas.<\/p>\n<p id=\"block-9\">&#8220;Matisse iniciou o livro em 1943, quando j\u00e1 tinha a mobilidade reduzida ap\u00f3s procedimentos m\u00e9dicos, o que o levou a &#8216;pintar com a tesoura'&#8221;, l\u00ea-se no cat\u00e1logo, dispon\u00edvel online.<\/p>\n<p id=\"block-10\">De Candido Portinari, integravam a exposi\u00e7\u00e3o ilustra\u00e7\u00f5es criadas para uma edi\u00e7\u00e3o de luxo de &#8220;Mem\u00f3rias p\u00f3stumas de Br\u00e1s Cubas&#8221;, de Machado de Assis, e para uma edi\u00e7\u00e3o especial de &#8220;Menino de engenho&#8221;, de Jos\u00e9 Lins do Rego.<\/p>\n","protected":false},"excerpt":{"rendered":"Oito gravuras do pintor franc\u00eas Henri Matisse e cinco do brasileiro Candido Portinari foram roubadas de uma biblioteca&hellip;\n","protected":false},"author":2,"featured_media":179660,"comment_status":"","ping_status":"","sticky":false,"template":"","format":"standard","meta":{"footnotes":""},"categories":[144],"tags":[207,205,206,203,201,202,204,114,115,32,33],"class_list":{"0":"post-179659","1":"post","2":"type-post","3":"status-publish","4":"format-standard","5":"has-post-thumbnail","7":"category-arte-e-design","8":"tag-arte","9":"tag-arte-e-design","10":"tag-artedesign","11":"tag-arts","12":"tag-arts-and-design","13":"tag-artsanddesign","14":"tag-design","15":"tag-entertainment","16":"tag-entretenimento","17":"tag-portugal","18":"tag-pt"},"share_on_mastodon":{"url":"https:\/\/pubeurope.com\/@pt\/115682511652927632","error":""},"_links":{"self":[{"href":"https:\/\/www.europesays.com\/pt\/wp-json\/wp\/v2\/posts\/179659","targetHints":{"allow":["GET"]}}],"collection":[{"href":"https:\/\/www.europesays.com\/pt\/wp-json\/wp\/v2\/posts"}],"about":[{"href":"https:\/\/www.europesays.com\/pt\/wp-json\/wp\/v2\/types\/post"}],"author":[{"embeddable":true,"href":"https:\/\/www.europesays.com\/pt\/wp-json\/wp\/v2\/users\/2"}],"replies":[{"embeddable":true,"href":"https:\/\/www.europesays.com\/pt\/wp-json\/wp\/v2\/comments?post=179659"}],"version-history":[{"count":0,"href":"https:\/\/www.europesays.com\/pt\/wp-json\/wp\/v2\/posts\/179659\/revisions"}],"wp:featuredmedia":[{"embeddable":true,"href":"https:\/\/www.europesays.com\/pt\/wp-json\/wp\/v2\/media\/179660"}],"wp:attachment":[{"href":"https:\/\/www.europesays.com\/pt\/wp-json\/wp\/v2\/media?parent=179659"}],"wp:term":[{"taxonomy":"category","embeddable":true,"href":"https:\/\/www.europesays.com\/pt\/wp-json\/wp\/v2\/categories?post=179659"},{"taxonomy":"post_tag","embeddable":true,"href":"https:\/\/www.europesays.com\/pt\/wp-json\/wp\/v2\/tags?post=179659"}],"curies":[{"name":"wp","href":"https:\/\/api.w.org\/{rel}","templated":true}]}}