{"id":179661,"date":"2025-12-08T06:26:09","date_gmt":"2025-12-08T06:26:09","guid":{"rendered":"https:\/\/www.europesays.com\/pt\/179661\/"},"modified":"2025-12-08T06:26:09","modified_gmt":"2025-12-08T06:26:09","slug":"leandro-percebe-missao-e-avisa-a-voz-se-e-para-ganhar-meta-na-minha-conta-quem-e-que-me-consegue-ignorar-tvi-player","status":"publish","type":"post","link":"https:\/\/www.europesays.com\/pt\/179661\/","title":{"rendered":"Leandro percebe miss\u00e3o e avisa a Voz: \u00abSe \u00e9 para ganhar meta na minha conta (\u2026) quem \u00e9 que me consegue ignorar? &#8211; TVI Player"},"content":{"rendered":"<ol>\n<li><a href=\"https:\/\/news.google.com\/rss\/articles\/CBMipAFBVV95cUxNbU1xVjBHTnNkdkdENEpCZlJ0UVc0VWVpOVRlODlpNFpRcUx0dW5pcW02Uzg2VGhqeC1MYTNnS09MTWROcy1HQTVvRHlTd2hhYVk2ek5aM0Rwck5fVWs4QzRBcGFJa0dKRVViUlBTOFJCS1llU2lqQTdNb1dxSnVvMFpPczlyeF93amdMbmQ4SVBuWUxqNHZqYlhxd0dZSlBCdFg4WQ?oc=5\" target=\"_blank\" rel=\"nofollow noopener\">Leandro percebe miss\u00e3o e avisa a Voz: \u00abSe \u00e9 para ganhar meta na minha conta (\u2026) quem \u00e9 que me consegue ignorar?<\/a>&nbsp;&nbsp;TVI Player<\/li>\n<li><a href=\"https:\/\/news.google.com\/rss\/articles\/CBMikwFBVV95cUxQMFJEWno5S1I5bW1qb0xFcTFTYXExWkFMMGgyY05EX2YxY1AyUTFZMDdiTndEUzg5c256WkM0dkZqWjlTeXVwaGtIU0ltdzBGUnlHWnc1SWdzSS1FVDFrMG9OQ1poSjAwc080cEhZekRBcmNpZVFzWVVuektJYW1Ca0R6TmNZZGRCVGk4ZWdmRVJMME0?oc=5\" target=\"_blank\" rel=\"nofollow noopener\">Marisa \u201ctrama\u201d Pedro Jorge e miss\u00e3o coletiva? \u201cEst\u00e1 gravado, tu disseste\u2026\u201d<\/a>&nbsp;&nbsp;Hiper Fm<\/li>\n<li><a href=\"https:\/\/news.google.com\/rss\/articles\/CBMiugFBVV95cUxOWjV5TFMxWUxydmxoWXJCdmFfS2V6VTlUcTRrVUhlazRfVU1qV21BRlM1aDE4eEdrLW4tUXBjbUJqQk9iV3RUbzhEMnViQkd6VzJROUtETVE0UFhaOFBLdVNOcGtHcWctU2k5LS14V0V2OTkzTlFubHVwUzFoYmlHZnp4YzFVZ2pYQmYwcXhjVnBTSlJCcHFfNWx2bWc2VTRGdjE5Vl9aVmFLeVBEMUtROGtjdHJjZktfSHc?oc=5\" target=\"_blank\" rel=\"nofollow noopener\">Leandro goza com falta de estrat\u00e9gia de Liliana ao tentar adivinhar segredo imposs\u00edvel: \u201cAi Jesus\u201d<\/a>&nbsp;&nbsp;Dioguinho<\/li>\n<li><a href=\"https:\/\/news.google.com\/rss\/articles\/CBMi7AFBVV95cUxOaGtPa2tMcXZaUWd5b0pBRmlZdldUeG1lYS12V3owSzRwVFI5TkF5QlNrMmFtNURoQ3VQVmlvd1RNbHMzeHRFTnFwdzFvUG5EOS1udTdtUzlfQkJVdVFVXzNOSmFSN2JGVmxObWx5RGtzSWp2ZmNGaktvUGFrWGNTcWFOUDgwYVFuS25XYmNwVTV3V0sxU3BDWURDQk95YTcyUFpBRXY3OFlOZl94bmpTMmZqdEVEOVdlZEgyVTBqMVNjRW1XUEV3OWtDaEFCbmtvQUN1ajlIaVFYNktqSXFlZThjZGR3M25oMG1jSQ?oc=5\" target=\"_blank\" rel=\"nofollow noopener\">Leandro provoca Liliana durante nova miss\u00e3o da Casa dos Segredos e concorrente volta a desabafar sobre semanas de \u201cjulgamento\u201d<\/a>&nbsp;&nbsp;A Televis\u00e3o<\/li>\n<li><a href=\"https:\/\/news.google.com\/rss\/articles\/CBMizAFBVV95cUxNSnFkemFDVHdBM2ZVdkJUaVFxQW5XOEpVUG1BZTlPc1NkQ1hjbFVSRFlQbkNuVjd3WmtMVW9TQmZzd0FOYTlKYjV5VUhNZ3MyQmtlb1k2NlZWTmJDUDNmVmdPQ2dhcDVsOEdEeXh3cXBDZy1vX09CQkJsZThzSXNvX004dlR6STZxNUFJblJNQ0JqT1NmR3VDcEhuczZXN1N5MXFvcXEyZW1OMGZITWV1ZWFpSFAxWm1seFRqd1lfRTh1clBBTHlXM2hDdnE?oc=5\" target=\"_blank\" rel=\"nofollow noopener\">Casa dos Segredos \u2013 Leandro toma decis\u00e3o e \u2018trama\u2019 Pedro! Conhe\u00e7a a rea\u00e7\u00e3o do concorrente<\/a>&nbsp;&nbsp;SAPO<\/li>\n<\/ol>\n","protected":false},"excerpt":{"rendered":"Leandro percebe miss\u00e3o e avisa a Voz: \u00abSe \u00e9 para ganhar meta na minha conta (\u2026) quem \u00e9&hellip;\n","protected":false},"author":2,"featured_media":179662,"comment_status":"","ping_status":"","sticky":false,"template":"","format":"standard","meta":{"footnotes":""},"categories":[142],"tags":[114,115,12397,32,33,151],"class_list":{"0":"post-179661","1":"post","2":"type-post","3":"status-publish","4":"format-standard","5":"has-post-thumbnail","7":"category-tv","8":"tag-entertainment","9":"tag-entretenimento","10":"tag-leandro","11":"tag-portugal","12":"tag-pt","13":"tag-tv"},"share_on_mastodon":{"url":"https:\/\/pubeurope.com\/@pt\/115682527344656904","error":""},"_links":{"self":[{"href":"https:\/\/www.europesays.com\/pt\/wp-json\/wp\/v2\/posts\/179661","targetHints":{"allow":["GET"]}}],"collection":[{"href":"https:\/\/www.europesays.com\/pt\/wp-json\/wp\/v2\/posts"}],"about":[{"href":"https:\/\/www.europesays.com\/pt\/wp-json\/wp\/v2\/types\/post"}],"author":[{"embeddable":true,"href":"https:\/\/www.europesays.com\/pt\/wp-json\/wp\/v2\/users\/2"}],"replies":[{"embeddable":true,"href":"https:\/\/www.europesays.com\/pt\/wp-json\/wp\/v2\/comments?post=179661"}],"version-history":[{"count":0,"href":"https:\/\/www.europesays.com\/pt\/wp-json\/wp\/v2\/posts\/179661\/revisions"}],"wp:featuredmedia":[{"embeddable":true,"href":"https:\/\/www.europesays.com\/pt\/wp-json\/wp\/v2\/media\/179662"}],"wp:attachment":[{"href":"https:\/\/www.europesays.com\/pt\/wp-json\/wp\/v2\/media?parent=179661"}],"wp:term":[{"taxonomy":"category","embeddable":true,"href":"https:\/\/www.europesays.com\/pt\/wp-json\/wp\/v2\/categories?post=179661"},{"taxonomy":"post_tag","embeddable":true,"href":"https:\/\/www.europesays.com\/pt\/wp-json\/wp\/v2\/tags?post=179661"}],"curies":[{"name":"wp","href":"https:\/\/api.w.org\/{rel}","templated":true}]}}