{"id":179672,"date":"2025-12-08T06:48:26","date_gmt":"2025-12-08T06:48:26","guid":{"rendered":"https:\/\/www.europesays.com\/pt\/179672\/"},"modified":"2025-12-08T06:48:26","modified_gmt":"2025-12-08T06:48:26","slug":"barco-atingido-pelos-eua-escoltava-navio-rumo-ao-suriname-observador","status":"publish","type":"post","link":"https:\/\/www.europesays.com\/pt\/179672\/","title":{"rendered":"Barco atingido pelos EUA escoltava navio rumo ao Suriname \u2013 Observador"},"content":{"rendered":"<p>O barco alvo de um ataque duplo por parte das for\u00e7as armadas dos Estados Unidos em \u00e1guas internacionais nas Cara\u00edbas, em 2 de setembro, acompanhava um navio com destino ao Suriname, <a href=\"https:\/\/edition.cnn.com\/2025\/12\/05\/politics\/suriname-boat-strike-bradley\" rel=\"nofollow noopener\" target=\"_blank\">avan\u00e7ou a CNN<\/a>.<\/p>\n<p>De acordo com a emissora norte-americana, o almirante Frank Bradley disse, numa audi\u00eancia privada com duas comiss\u00f5es do Senado, a c\u00e2mara alta do parlamento, que a <strong>lancha navegava ao lado de um navio maior<\/strong> que seguia para o Suriname.<\/p>\n<p>Segundo fontes que pediram para n\u00e3o serem identificadas, Bradley argumentou que, segundo os relat\u00f3rios dos servi\u00e7os de informa\u00e7\u00e3o, \u00e9 poss\u00edvel que o navio maior transportasse droga, que tinha como destino final os Estados Unidos.<\/p>\n<p>A Administra\u00e7\u00e3o do Presidente Donald Trump e o secret\u00e1rio da Defesa, Pete Hegseth, est\u00e3o a enfrentar cr\u00edticas devido a esta opera\u00e7\u00e3o, em que 11 pessoas morreram.<\/p>\n<p>Na semana passada, o <a href=\"https:\/\/www.washingtonpost.com\/national-security\/2025\/11\/28\/hegseth-kill-them-all-survivors-boat-strike\/\" rel=\"nofollow noopener\" target=\"_blank\">jornal Washington Post<\/a> revelou que dois sobreviventes do primeiro ataque, que se agarravam \u00e0 embarca\u00e7\u00e3o em chamas, foram <strong>mortos num segundo ataque, autorizado por Hegseth<\/strong>.<\/p>\n<p>Na quinta-feira, o congressista democrata Jim Himes afirmou que o ataque matou \u201cmarinheiros n\u00e1ufragos\u201d depois de ter assistido a um v\u00eddeo do Pent\u00e1gono exibido a membros do Congresso. Segundo Himes, o v\u00eddeo mostrava \u201cdois indiv\u00edduos claramente em perigo, sem qualquer meio de transporte, que foram mortos pelos Estados Unidos\u201d.<\/p>\n<blockquote class=\"wp-embedded-content\" data-secret=\"kqL5cD3yFC\">\n<p><a href=\"https:\/\/observador.pt\/2025\/11\/30\/senador-republicano-promete-investigacao-a-ataque-dos-eua-nas-caraibas\/\" rel=\"nofollow noopener\" target=\"_blank\">Senador republicano promete investiga\u00e7\u00e3o a ataque dos EUA nas Cara\u00edbas<\/a><\/p>\n<\/blockquote>\n<p>De acordo com as for\u00e7as armadas, o barco foi atingido quatro vezes, a primeira das quais partindo-a ao meio, e mais tr\u00eas vezes, matando dois sobreviventes que tentavam agarrar-se a uma parte da embarca\u00e7\u00e3o antes de esta se afundar.<\/p>\n<p>O almirante Frank Bradley relatou que, antes do segundo ataque, <strong>os sobreviventes acenaram com um objeto no ar<\/strong>, mas n\u00e3o ficou claro se se estavam a render ou a pedir ajuda.<\/p>\n<p>Desde setembro que o Ex\u00e9rcito norte-americano tem vindo a realizar pelo menos 22 ataques a\u00e9reos contra embarca\u00e7\u00f5es, principalmente no mar das Cara\u00edbas, que j\u00e1 <strong>mataram 87 pessoas<\/strong>, sem apresentar qualquer prova da sua liga\u00e7\u00e3o ao narcotr\u00e1fico.<\/p>\n<p>Esta semana, a fam\u00edlia de um pescador da Col\u00f4mbia denunciou uma poss\u00edvel \u201cexecu\u00e7\u00e3o extrajudicial\u201d perante a Comiss\u00e3o Interamericana de Direitos Humanos durante outro ataque, no oceano Pac\u00edfico, em setembro.<\/p>\n<p>Os Estados Unidos <a href=\"https:\/\/observador.pt\/2025\/12\/05\/novo-ataque-dos-eua-contra-alegado-trafico-de-droga-no-pacifico-causa-quatro-mortos\/\" rel=\"nofollow noopener\" target=\"_blank\">realizaram na quinta-feira mais um ataque a\u00e9reo<\/a> no Pac\u00edfico contra uma embarca\u00e7\u00e3o alegadamente utilizada por traficantes de droga, matando quatro pessoas, anunciou o Ex\u00e9rcito norte-americano.<\/p>\n<p>Trump disse na quarta-feira que as opera\u00e7\u00f5es militares em torno da Venezuela v\u00e3o \u201cmuito al\u00e9m\u201d de uma campanha de press\u00e3o contra o Presidente Nicol\u00e1s Maduro e <a href=\"https:\/\/observador.pt\/2025\/12\/02\/trump-confirma-ataque-terrestre-a-venezuela-em-breve-sabemos-onde-os-maus-vivem\/\" rel=\"nofollow noopener\" target=\"_blank\">insistiu<\/a> que <strong>\u201cem breve\u201d poder\u00e3o come\u00e7ar opera\u00e7\u00f5es em terra<\/strong> semelhantes \u00e0s que t\u00eam sido realizadas em \u00e1guas internacionais.<\/p>\n<blockquote class=\"wp-embedded-content\" data-secret=\"IIilHW22Kk\">\n<p><a href=\"https:\/\/observador.pt\/2025\/12\/02\/trump-confirma-ataque-terrestre-a-venezuela-em-breve-sabemos-onde-os-maus-vivem\/\" rel=\"nofollow noopener\" target=\"_blank\">Trump anuncia ataque terrestre \u00e0 Venezuela para breve: \u201cSabemos onde os maus vivem\u201d<\/a><\/p>\n<\/blockquote>\n","protected":false},"excerpt":{"rendered":"O barco alvo de um ataque duplo por parte das for\u00e7as armadas dos Estados Unidos em \u00e1guas internacionais&hellip;\n","protected":false},"author":2,"featured_media":179673,"comment_status":"","ping_status":"","sticky":false,"template":"","format":"standard","meta":{"footnotes":""},"categories":[50],"tags":[624,27,28,623,15,16,14,25,26,21,22,62,12,13,19,20,23,24,17,18,29,30,31,3023,63,64,65],"class_list":{"0":"post-179672","1":"post","2":"type-post","3":"status-publish","4":"format-standard","5":"has-post-thumbnail","7":"category-mundo","8":"tag-amu00e9rica","9":"tag-breaking-news","10":"tag-breakingnews","11":"tag-estados-unidos-da-amu00e9rica","12":"tag-featured-news","13":"tag-featurednews","14":"tag-headlines","15":"tag-latest-news","16":"tag-latestnews","17":"tag-main-news","18":"tag-mainnews","19":"tag-mundo","20":"tag-news","21":"tag-noticias","22":"tag-noticias-principais","23":"tag-noticiasprincipais","24":"tag-principais-noticias","25":"tag-principaisnoticias","26":"tag-top-stories","27":"tag-topstories","28":"tag-ultimas","29":"tag-ultimas-noticias","30":"tag-ultimasnoticias","31":"tag-venezuela","32":"tag-world","33":"tag-world-news","34":"tag-worldnews"},"share_on_mastodon":{"url":"https:\/\/pubeurope.com\/@pt\/115682613877746740","error":""},"_links":{"self":[{"href":"https:\/\/www.europesays.com\/pt\/wp-json\/wp\/v2\/posts\/179672","targetHints":{"allow":["GET"]}}],"collection":[{"href":"https:\/\/www.europesays.com\/pt\/wp-json\/wp\/v2\/posts"}],"about":[{"href":"https:\/\/www.europesays.com\/pt\/wp-json\/wp\/v2\/types\/post"}],"author":[{"embeddable":true,"href":"https:\/\/www.europesays.com\/pt\/wp-json\/wp\/v2\/users\/2"}],"replies":[{"embeddable":true,"href":"https:\/\/www.europesays.com\/pt\/wp-json\/wp\/v2\/comments?post=179672"}],"version-history":[{"count":0,"href":"https:\/\/www.europesays.com\/pt\/wp-json\/wp\/v2\/posts\/179672\/revisions"}],"wp:featuredmedia":[{"embeddable":true,"href":"https:\/\/www.europesays.com\/pt\/wp-json\/wp\/v2\/media\/179673"}],"wp:attachment":[{"href":"https:\/\/www.europesays.com\/pt\/wp-json\/wp\/v2\/media?parent=179672"}],"wp:term":[{"taxonomy":"category","embeddable":true,"href":"https:\/\/www.europesays.com\/pt\/wp-json\/wp\/v2\/categories?post=179672"},{"taxonomy":"post_tag","embeddable":true,"href":"https:\/\/www.europesays.com\/pt\/wp-json\/wp\/v2\/tags?post=179672"}],"curies":[{"name":"wp","href":"https:\/\/api.w.org\/{rel}","templated":true}]}}