{"id":179685,"date":"2025-12-08T07:21:13","date_gmt":"2025-12-08T07:21:13","guid":{"rendered":"https:\/\/www.europesays.com\/pt\/179685\/"},"modified":"2025-12-08T07:21:13","modified_gmt":"2025-12-08T07:21:13","slug":"particula-vinda-do-espaco-tera-originado-aterragem-de-emergencia-do-airbus-a320","status":"publish","type":"post","link":"https:\/\/www.europesays.com\/pt\/179685\/","title":{"rendered":"Part\u00edcula vinda do Espa\u00e7o ter\u00e1 originado aterragem de emerg\u00eancia do Airbus A320"},"content":{"rendered":"<p class=\"wp-caption-text top\"><a href=\"https:\/\/www.flickr.com\/photos\/cooke1\/50648751056\/sizes\/l\/\" rel=\"nofollow external noopener noreferrer\" data-wpel-link=\"external\" target=\"_blank\" class=\"ext-link\">cooke1 \/ Flickr <\/a><\/p>\n<p><img decoding=\"async\" loading=\"lazy\" class=\"size-kopa-image-size-3 wp-image-570016\" src=\"https:\/\/www.europesays.com\/pt\/wp-content\/uploads\/2025\/12\/98485f230590e7e072c6e238ee7cecc5-783x450.jpg\" alt=\"\" width=\"700\" height=\"402\"  \/><\/p>\n<p><strong>Avi\u00e3o baixou repentinamente nos EUA, 15 pessoas ficaram feridas. A origem n\u00e3o ter\u00e1 sido falha mec\u00e2nica ou erro humano.<\/strong><\/p>\n<p>Foi no dia 30 de outubro, em Tampa (EUA): um <strong>avi\u00e3o<\/strong> <strong>perdeu altitude de forma repentina<\/strong>, aterrou de emerg\u00eancia e 15 pessoas ficaram feridas.<\/p>\n<p>O voo da JetBlue fazia a liga\u00e7\u00e3o entre Canc\u00fan e Newark quando, na zona da Fl\u00f3rida, perdeu altitude abruptamente sem que os pilotos percebessem porqu\u00ea; n\u00e3o registaram qualquer anomalia pr\u00e9via nos segundos ou minutos anteriores.<\/p>\n<p>Ainda controlaram o avi\u00e3o rapidamente mas a brusca acelera\u00e7\u00e3o negativa foi suficiente para lan\u00e7ar passageiros contra o teto.<\/p>\n<p>A <strong>origem deste incidente n\u00e3o ter\u00e1 sido falha mec\u00e2nica ou erro humano<\/strong>. Nos dias seguintes ao incidente, falou-se numa s\u00fabita escalada da atividade solar, a afetar sensores ou sistemas eletr\u00f3nicos.<\/p>\n<p>No final de Novembro, a Airbus admitiu em comunicado oficial que \u201ca intensa radia\u00e7\u00e3o solar pode corromper dados cr\u00edticos do funcionamento dos controlos de voo\u201d, lembra a revista <a href=\"https:\/\/revistagalileu.globo.com\/ciencia\/espaco\/noticia\/2025\/12\/particula-vinda-do-espaco-pode-explicar-pouso-de-emergencia-de-voo-comercial.ghtml\" data-wpel-link=\"external\" target=\"_blank\" rel=\"nofollow external noopener noreferrer\" class=\"ext-link\">Galileu<\/a>.<\/p>\n<p>Mas n\u00e3o ter\u00e1 sido bem isso.<\/p>\n<p>O portal <a href=\"https:\/\/www.space.com\/technology\/aerospace\/cosmic-ray-forces-airliner-emergency-landing\" data-wpel-link=\"external\" target=\"_blank\" rel=\"nofollow external noopener noreferrer\" class=\"ext-link\">Space.com<\/a> falou com especialistas, que explicaram que os n\u00edveis de radia\u00e7\u00e3o solar nesse dia \u2013 30 de outubro \u2013 eram insuficientes para causar qualquer dano eletr\u00f3nico naquele voo.<\/p>\n<p>A origem ter\u00e1 sido outra: um <strong>raio c\u00f3smico,<\/strong> ou seja, uma <strong>part\u00edcula extremamente energ\u00e9tica<\/strong> produzida pela <strong>explos\u00e3o<\/strong> de uma estrela massiva em <strong>supernova.<\/strong><\/p>\n<p>Os raios c\u00f3smicos podem, de facto, interagir com a microeletr\u00f3nica moderna e alterar o estado de um circuito. Uma<strong> \u201cinvers\u00e3o de bit\u201d<\/strong>, a mudan\u00e7a do estado de um bit ou n\u00famero bin\u00e1rio para o estado oposto (0 ou 1), o que pode causar problemas de comunica\u00e7\u00e3o. Tamb\u00e9m podem causar falhas de hardware e queimar componentes.<\/p>\n<p>As part\u00edculas atravessam o Universo praticamente \u00e0 velocidade da luz, colidem com a atmosfera terrestre e criam chuvas de part\u00edculas secund\u00e1rias que podem atingir componentes eletr\u00f3nicos dentro de aeronaves, provocando um <strong>evento de perturba\u00e7\u00e3o \u00fanica.<\/strong><\/p>\n<p>Em sistemas cr\u00edticos, como computadores de voo, uma \u00fanica invers\u00e3o de bit pode <strong>gerar comandos imprecisos e estranhos<\/strong>.<\/p>\n<p>    <a href=\"https:\/\/zap.aeiou.pt\/subscrever-newsletter\" data-wpel-link=\"internal\" rel=\"nofollow noopener\" target=\"_blank\">&#13;<br \/>\n        <img loading=\"lazy\" decoding=\"async\" class=\"aligncenter size-full wp-image-575475\" src=\"https:\/\/www.europesays.com\/pt\/wp-content\/uploads\/2025\/12\/2d51fe4a0ba54894421ead1809309ed9-1-450x140.jpg\" alt=\"Subscreva a Newsletter ZAP\" width=\"450\" height=\"140\"\/>&#13;<br \/>\n    <\/a><\/p>\n<p>                <a href=\"https:\/\/whatsapp.com\/channel\/0029VaIC4EE2f3EJZPPSbR34\" data-wpel-link=\"external\" target=\"_blank\" rel=\"nofollow external noopener noreferrer\" class=\"ext-link\">&#13;<br \/>\n                    <img loading=\"lazy\" decoding=\"async\" class=\"aligncenter size-full wp-image-575475\" src=\"https:\/\/www.europesays.com\/pt\/wp-content\/uploads\/2025\/12\/c68c559d956d4ca20f435ed74a6e71e6.png\" alt=\"Siga-nos no WhatsApp\" width=\"175\" height=\"64\"\/>&#13;<br \/>\n                <\/a><\/p>\n<p>                <a href=\"https:\/\/news.google.com\/publications\/CAAiEHRwZondIV71PDjWNoqMduEqFAgKIhB0cGaJ3SFe9Tw41jaKjHbh?hl=en-US&amp;gl=US&amp;ceid=US%3Aen\" data-wpel-link=\"external\" target=\"_blank\" rel=\"nofollow external noopener noreferrer\" class=\"ext-link\">&#13;<br \/>\n                    <img loading=\"lazy\" decoding=\"async\" class=\"aligncenter size-full wp-image-575475\" src=\"https:\/\/www.europesays.com\/pt\/wp-content\/uploads\/2025\/12\/5123dd8b087b644fdb8f8603acd1bad4.png\" alt=\"Siga-nos no Google News\" width=\"176\" height=\"64\"\/>&#13;<br \/>\n                <\/a><\/p>\n","protected":false},"excerpt":{"rendered":"cooke1 \/ Flickr Avi\u00e3o baixou repentinamente nos EUA, 15 pessoas ficaram feridas. A origem n\u00e3o ter\u00e1 sido falha&hellip;\n","protected":false},"author":2,"featured_media":179686,"comment_status":"","ping_status":"","sticky":false,"template":"","format":"standard","meta":{"footnotes":""},"categories":[84],"tags":[1310,109,107,108,1008,32,33,105,103,104,106,110],"class_list":{"0":"post-179685","1":"post","2":"type-post","3":"status-publish","4":"format-standard","5":"has-post-thumbnail","7":"category-ciencia-e-tecnologia","8":"tag-aviacao","9":"tag-ciencia","10":"tag-ciencia-e-tecnologia","11":"tag-cienciaetecnologia","12":"tag-espaco","13":"tag-portugal","14":"tag-pt","15":"tag-science","16":"tag-science-and-technology","17":"tag-scienceandtechnology","18":"tag-technology","19":"tag-tecnologia"},"share_on_mastodon":{"url":"https:\/\/pubeurope.com\/@pt\/115682743862790748","error":""},"_links":{"self":[{"href":"https:\/\/www.europesays.com\/pt\/wp-json\/wp\/v2\/posts\/179685","targetHints":{"allow":["GET"]}}],"collection":[{"href":"https:\/\/www.europesays.com\/pt\/wp-json\/wp\/v2\/posts"}],"about":[{"href":"https:\/\/www.europesays.com\/pt\/wp-json\/wp\/v2\/types\/post"}],"author":[{"embeddable":true,"href":"https:\/\/www.europesays.com\/pt\/wp-json\/wp\/v2\/users\/2"}],"replies":[{"embeddable":true,"href":"https:\/\/www.europesays.com\/pt\/wp-json\/wp\/v2\/comments?post=179685"}],"version-history":[{"count":0,"href":"https:\/\/www.europesays.com\/pt\/wp-json\/wp\/v2\/posts\/179685\/revisions"}],"wp:featuredmedia":[{"embeddable":true,"href":"https:\/\/www.europesays.com\/pt\/wp-json\/wp\/v2\/media\/179686"}],"wp:attachment":[{"href":"https:\/\/www.europesays.com\/pt\/wp-json\/wp\/v2\/media?parent=179685"}],"wp:term":[{"taxonomy":"category","embeddable":true,"href":"https:\/\/www.europesays.com\/pt\/wp-json\/wp\/v2\/categories?post=179685"},{"taxonomy":"post_tag","embeddable":true,"href":"https:\/\/www.europesays.com\/pt\/wp-json\/wp\/v2\/tags?post=179685"}],"curies":[{"name":"wp","href":"https:\/\/api.w.org\/{rel}","templated":true}]}}