{"id":17970,"date":"2025-08-06T05:06:09","date_gmt":"2025-08-06T05:06:09","guid":{"rendered":"https:\/\/www.europesays.com\/pt\/17970\/"},"modified":"2025-08-06T05:06:09","modified_gmt":"2025-08-06T05:06:09","slug":"justin-bieber-lanca-clipe-de-yukon-com-cenas-fofas-do-filho","status":"publish","type":"post","link":"https:\/\/www.europesays.com\/pt\/17970\/","title":{"rendered":"Justin Bieber lan\u00e7a clipe de &#8216;Yukon&#8217; com cenas fofas do filho"},"content":{"rendered":"<p><img decoding=\"async\" fetchpriority=\"high\" src=\"https:\/\/www.europesays.com\/pt\/wp-content\/uploads\/2025\/08\/8ucukz0w9l0mpj5addxd6l9cn.jpg\" width=\"906\" height=\"509\" alt=\"Justin Bieber lan\u00e7a clipe de \" yukon=\"Yukon\" com=\"com\" cenas=\"cenas\" fofas=\"fofas\" do=\"do\" filho=\"filho\" title=\"Justin Bieber lan\u00e7a clipe de \"\/>Reprodu\u00e7\u00e3o\/Instagram<\/p>\n<p>Justin Bieber lan\u00e7a clipe de &#8220;Yukon&#8221; com cenas fofas do filho<\/p>\n<p class=\"\">Em um gesto inesperado, <a href=\"https:\/\/gente.ig.com.br\/celebridades\/2025-05-20\/justin-bieber-confessa-briga-com-hailey-e-se-desculpa-maldoso.html\" target=\"_blank\" rel=\"noopener nofollow\" data-mce-href=\"https:\/\/gente.ig.com.br\/celebridades\/2025-05-20\/justin-bieber-confessa-briga-com-hailey-e-se-desculpa-maldoso.html\" data-mce->Justin Bieber<\/a> \u00a0deixou os seguidores emocionados ao lan\u00e7ar o videoclipe da m\u00fasica\u00a0&#8220;Yukon&#8221;\u00a0diretamente em seu Instagram. A faixa, que integra o \u00e1lbum\u00a0&#8220;Swag&#8221;, ganhou vida em um v\u00eddeo repleto de cenas intimistas, incluindo registros ador\u00e1veis do cantor ao lado de sua esposa, <strong>Hailey Bieber<\/strong>, e do pequeno <strong>Jack Blues<\/strong>, filho do casal.<\/p>\n<p class=\"\">O clipe, que j\u00e1 est\u00e1 viralizando, mostra momentos raros da fam\u00edlia Bieber, com destaque para as intera\u00e7\u00f5es do beb\u00ea, que roubou a cena com sua fofura \u2014 principalmente ao exibir seus primeiros dentinhos.\u00a0<\/p>\n<p class=\"\"><strong>Detalhes sobre a m\u00fasica<\/strong><\/p>\n<p>&#8220;Yukon&#8221;\u00a0\u00e9 o segundo single do s\u00e9timo \u00e1lbum de est\u00fadio de Bieber,\u00a0&#8220;Swag&#8221;, lan\u00e7ado como single em 22 de julho de 2025. A can\u00e7\u00e3o, uma mistura de pop e R&amp;B, foi composta pelo pr\u00f3prio cantor em parceria com nomes como\u00a02 Chainz, Eminem, Havoc\u00a0e uma equipe de produtores renomados, incluindo\u00a0Dijon Duenas\u00a0e\u00a0Carter Lang.<\/p>\n<p><strong>Rea\u00e7\u00e3o dos f\u00e3s<\/strong><\/p>\n<p>Nas redes sociais, os\u00a0Beliebers\u00a0n\u00e3o pouparam elogios:\u00a0 &#8220;O Jack \u00e9 a coisa mais fofa do mundo! Que presente lindo esse clipe!&#8221;,\u00a0&#8220;Justin e Hailey s\u00e3o os pais mais perfeitos, meu cora\u00e7\u00e3o n\u00e3o aguenta!&#8221; e \u00a0&#8220;Yukon j\u00e1 era minha favorita, agora com esse v\u00eddeo ficou ainda mais especial.&#8221;<\/p>\n<p>Leia mais<\/p>\n","protected":false},"excerpt":{"rendered":"Reprodu\u00e7\u00e3o\/Instagram Justin Bieber lan\u00e7a clipe de &#8220;Yukon&#8221; com cenas fofas do filho Em um gesto inesperado, Justin Bieber&hellip;\n","protected":false},"author":2,"featured_media":17971,"comment_status":"","ping_status":"","sticky":false,"template":"","format":"standard","meta":{"footnotes":""},"categories":[141],"tags":[1710,114,115,1275,149,150,214,32,33],"class_list":{"0":"post-17970","1":"post","2":"type-post","3":"status-publish","4":"format-standard","5":"has-post-thumbnail","7":"category-musica","8":"tag-cantor","9":"tag-entertainment","10":"tag-entretenimento","11":"tag-justin-bieber","12":"tag-music","13":"tag-musica","14":"tag-pop","15":"tag-portugal","16":"tag-pt"},"share_on_mastodon":{"url":"","error":""},"_links":{"self":[{"href":"https:\/\/www.europesays.com\/pt\/wp-json\/wp\/v2\/posts\/17970","targetHints":{"allow":["GET"]}}],"collection":[{"href":"https:\/\/www.europesays.com\/pt\/wp-json\/wp\/v2\/posts"}],"about":[{"href":"https:\/\/www.europesays.com\/pt\/wp-json\/wp\/v2\/types\/post"}],"author":[{"embeddable":true,"href":"https:\/\/www.europesays.com\/pt\/wp-json\/wp\/v2\/users\/2"}],"replies":[{"embeddable":true,"href":"https:\/\/www.europesays.com\/pt\/wp-json\/wp\/v2\/comments?post=17970"}],"version-history":[{"count":0,"href":"https:\/\/www.europesays.com\/pt\/wp-json\/wp\/v2\/posts\/17970\/revisions"}],"wp:featuredmedia":[{"embeddable":true,"href":"https:\/\/www.europesays.com\/pt\/wp-json\/wp\/v2\/media\/17971"}],"wp:attachment":[{"href":"https:\/\/www.europesays.com\/pt\/wp-json\/wp\/v2\/media?parent=17970"}],"wp:term":[{"taxonomy":"category","embeddable":true,"href":"https:\/\/www.europesays.com\/pt\/wp-json\/wp\/v2\/categories?post=17970"},{"taxonomy":"post_tag","embeddable":true,"href":"https:\/\/www.europesays.com\/pt\/wp-json\/wp\/v2\/tags?post=17970"}],"curies":[{"name":"wp","href":"https:\/\/api.w.org\/{rel}","templated":true}]}}