{"id":179704,"date":"2025-12-08T08:16:14","date_gmt":"2025-12-08T08:16:14","guid":{"rendered":"https:\/\/www.europesays.com\/pt\/179704\/"},"modified":"2025-12-08T08:16:14","modified_gmt":"2025-12-08T08:16:14","slug":"treinamento-tecnico-em-virologia-no-institut-pasteur-de-sao-paulo","status":"publish","type":"post","link":"https:\/\/www.europesays.com\/pt\/179704\/","title":{"rendered":"Treinamento t\u00e9cnico em virologia no Institut Pasteur de S\u00e3o Paulo"},"content":{"rendered":"<p>                            Treinamento t\u00e9cnico em virologia no Institut Pasteur de S\u00e3o Paulo<\/p>\n<p class=\"summary\">Experi\u00eancia pr\u00e9via em biologia molecular, manejo de animais silvestres e cultura celular ser\u00e1 um diferencial para a vaga<\/p>\n<p>                                                        Treinamento t\u00e9cnico em virologia no Institut Pasteur de S\u00e3o Paulo<\/p>\n<p class=\"p-int-resumo summary \">Experi\u00eancia pr\u00e9via em biologia molecular, manejo de animais silvestres e cultura celular ser\u00e1 um diferencial para a vaga<\/p>\n<p>                                <img decoding=\"async\" src=\"https:\/\/www.europesays.com\/pt\/wp-content\/uploads\/2025\/12\/56690.jpg\" class=\"img-fluid\" onclick=\"expand(56690,'files\/post\/56690.jpg',true)\"\/><\/p>\n<p class=\"Legenda\">Prazo de inscri\u00e7\u00e3o se encerra em 15\/12 (imagem: <a href=\"https:\/\/www.freepik.com\/author\/wirestock\" target=\"_blank\" rel=\"nofollow noopener\">Wirestock<\/a>\/<a href=\"https:\/\/www.freepik.com\/free-photo\/closeup-shot-sleeping-bat-wrapped-its-wings_17244218.htm\" target=\"_blank\" rel=\"nofollow noopener\">Freepik<\/a>)<\/p>\n<p class=\"Esp-p-int LabelMobil1\">\u00a0<\/p>\n<p><strong>Ag\u00eancia FAPESP<\/strong> \u2013 Uma vaga de treinamento t\u00e9cnico n\u00edvel tr\u00eas (TT-3) em virologia com bolsa da FAPESP est\u00e1 dispon\u00edvel pelo projeto de Aux\u00edlio \u00e0 Pesquisa para Jovem Pesquisador \u201c<strong><a href=\"https:\/\/bv.fapesp.br\/pt\/auxilios\/113788\/\" target=\"_blank\" rel=\"nofollow noopener\">An\u00e1lise epidemiol\u00f3gica, evolucion\u00e1ria e ecol\u00f3gica do risco de eventos de spillover de v\u00edrus de morcegos habitantes da Floresta Atl\u00e2ntica<\/a><\/strong>\u201d. O prazo de inscri\u00e7\u00e3o termina na pr\u00f3xima segunda-feira (15\/12).<\/p>\n<p>O projeto \u00e9 conduzido no Institut Pasteur de S\u00e3o Paulo.<\/p>\n<p>O candidato deve ter forma\u00e7\u00e3o em n\u00edvel superior, sem reprova\u00e7\u00f5es no hist\u00f3rico escolar. Experi\u00eancia pr\u00e9via em biologia molecular, manejo de animais silvestres e cultura celular ser\u00e1 um diferencial para a vaga.<\/p>\n<p>Mais informa\u00e7\u00f5es sobre a vaga e as inscri\u00e7\u00f5es em: <strong><a href=\"http:\/\/www.fapesp.br\/oportunidades\/8783\/\" target=\"_blank\" rel=\"nofollow noopener\">www.fapesp.br\/oportunidades\/8783\/<\/a><\/strong>.<\/p>\n<p>A Bolsa de TT-3 tem valor de R$ 1.800,00 mensais para dedica\u00e7\u00e3o de 40 semanais e de R$ 855 para dedica\u00e7\u00e3o de 20 horas semanais. \u00c9 direcionada a graduados do n\u00edvel superior, sem reprova\u00e7\u00f5es no hist\u00f3rico escolar. A dedica\u00e7\u00e3o dever\u00e1 ser de 16 a 40 horas semanais \u00e0s atividades de apoio ao projeto de pesquisa.<\/p>\n<p>Mais informa\u00e7\u00f5es sobre as bolsas de Treinamento T\u00e9cnico da FAPESP: <strong><a href=\"http:\/\/www.fapesp.br\/bolsas\/tt\" target=\"_blank\" rel=\"nofollow noopener\">www.fapesp.br\/bolsas\/tt<\/a><\/strong>.<\/p>\n<p>Outras vagas de bolsas, em diversas \u00e1reas do conhecimento, est\u00e3o no site FAPESP-Oportunidades, em <strong><a href=\"http:\/\/www.fapesp.br\/oportunidades\" target=\"_blank\" rel=\"nofollow noopener\">www.fapesp.br\/oportunidades<\/a><\/strong>.<br \/>&#13;<br \/>\n\u00a0<\/p>\n","protected":false},"excerpt":{"rendered":"Treinamento t\u00e9cnico em virologia no Institut Pasteur de S\u00e3o Paulo Experi\u00eancia pr\u00e9via em biologia molecular, manejo de animais&hellip;\n","protected":false},"author":2,"featured_media":179705,"comment_status":"","ping_status":"","sticky":false,"template":"","format":"standard","meta":{"footnotes":""},"categories":[86],"tags":[36919,726,5775,5407,22650,116,9496,2773,32,33,117,2772],"class_list":{"0":"post-179704","1":"post","2":"type-post","3":"status-publish","4":"format-standard","5":"has-post-thumbnail","7":"category-saude","8":"tag-animais-silvestres","9":"tag-brasil","10":"tag-ecologia","11":"tag-evolucao","12":"tag-fauna","13":"tag-health","14":"tag-microbiologia","15":"tag-morcegos","16":"tag-portugal","17":"tag-pt","18":"tag-saude","19":"tag-virologia"},"share_on_mastodon":{"url":"https:\/\/pubeurope.com\/@pt\/115682960154733807","error":""},"_links":{"self":[{"href":"https:\/\/www.europesays.com\/pt\/wp-json\/wp\/v2\/posts\/179704","targetHints":{"allow":["GET"]}}],"collection":[{"href":"https:\/\/www.europesays.com\/pt\/wp-json\/wp\/v2\/posts"}],"about":[{"href":"https:\/\/www.europesays.com\/pt\/wp-json\/wp\/v2\/types\/post"}],"author":[{"embeddable":true,"href":"https:\/\/www.europesays.com\/pt\/wp-json\/wp\/v2\/users\/2"}],"replies":[{"embeddable":true,"href":"https:\/\/www.europesays.com\/pt\/wp-json\/wp\/v2\/comments?post=179704"}],"version-history":[{"count":0,"href":"https:\/\/www.europesays.com\/pt\/wp-json\/wp\/v2\/posts\/179704\/revisions"}],"wp:featuredmedia":[{"embeddable":true,"href":"https:\/\/www.europesays.com\/pt\/wp-json\/wp\/v2\/media\/179705"}],"wp:attachment":[{"href":"https:\/\/www.europesays.com\/pt\/wp-json\/wp\/v2\/media?parent=179704"}],"wp:term":[{"taxonomy":"category","embeddable":true,"href":"https:\/\/www.europesays.com\/pt\/wp-json\/wp\/v2\/categories?post=179704"},{"taxonomy":"post_tag","embeddable":true,"href":"https:\/\/www.europesays.com\/pt\/wp-json\/wp\/v2\/tags?post=179704"}],"curies":[{"name":"wp","href":"https:\/\/api.w.org\/{rel}","templated":true}]}}