{"id":179736,"date":"2025-12-08T08:52:10","date_gmt":"2025-12-08T08:52:10","guid":{"rendered":"https:\/\/www.europesays.com\/pt\/179736\/"},"modified":"2025-12-08T08:52:10","modified_gmt":"2025-12-08T08:52:10","slug":"camaras-a-bordo-e-multiview-confirmados","status":"publish","type":"post","link":"https:\/\/www.europesays.com\/pt\/179736\/","title":{"rendered":"c\u00e2maras a bordo e Multiview confirmados"},"content":{"rendered":"<p>A bandeira axadrezada caiu na temporada de 2025 da F\u00f3rmula 1, marcando tamb\u00e9m o fim de uma era: foi a \u00faltima corrida transmitida pela ESPN nos Estados Unidos. A partir do pr\u00f3ximo ano, a Apple assume o volante como parceira exclusiva de transmiss\u00e3o da F1 nos EUA, e a empresa de Cupertino j\u00e1 come\u00e7ou a levantar o v\u00e9u sobre o que os f\u00e3s podem esperar desta nova experi\u00eancia na <strong>Apple TV<\/strong>.<\/p>\n<p>Com um acordo de cinco anos que arranca na temporada de 2026, a Apple promete transformar a forma como a modalidade \u00e9 consumida, integrando-a profundamente no seu ecossistema. E a grande not\u00edcia para os f\u00e3s \u00e9 que esta cobertura premium <strong>n\u00e3o ter\u00e1 custos extra<\/strong> para quem j\u00e1 subscreve a Apple TV.<\/p>\n<p><img fetchpriority=\"high\" decoding=\"async\" width=\"1200\" height=\"675\" src=\"https:\/\/www.europesays.com\/pt\/wp-content\/uploads\/2025\/12\/Formula-1-Apple-TV-2-1200x675.webp.webp\" alt=\"Fo\u0301rmula 1 - apple tv (2)\" class=\"wp-image-163687\" title=\"Formula 1 Apple TV 2 TecheNet\"  \/><\/p>\n<p>O que revelam as primeiras imagens?<\/p>\n<p>Num novo an\u00fancio nas redes sociais, a Apple mostrou pela primeira vez a interface do canal de F1 dentro da aplica\u00e7\u00e3o TV. As capturas de ecr\u00e3 confirmam funcionalidades que os f\u00e3s mais exigentes pediam:<\/p>\n<ul class=\"wp-block-list\">\n<li><strong>C\u00e2maras Onboard dos Pilotos:<\/strong> A Apple confirmou que o streaming das c\u00e2maras a bordo (onboard cams) estar\u00e1 inclu\u00eddo. Esta funcionalidade, que permite ver a corrida do ponto de vista do piloto, era anteriormente exclusiva da subscri\u00e7\u00e3o F1.TV nos EUA.<\/li>\n<li><strong>Multiview:<\/strong> A experi\u00eancia ser\u00e1 potenciada pelo suporte para <strong>Multiview<\/strong>. Isto permitir\u00e1 aos utilizadores verem v\u00e1rias perspetivas em simult\u00e2neo no mesmo ecr\u00e3 \u2013 por exemplo, a transmiss\u00e3o principal ao lado de uma c\u00e2mara onboard e dos tempos por volta. Esta funcionalidade estar\u00e1 dispon\u00edvel em dispositivos compat\u00edveis como a Apple TV 4K, iPad e Apple Vision Pro.<\/li>\n<\/ul>\n<p>Tudo inclu\u00eddo na subscri\u00e7\u00e3o<\/p>\n<p>A Apple est\u00e1 a posicionar a F1 como um dos grandes trunfos da sua subscri\u00e7\u00e3o. Todo o conte\u00fado, incluindo treinos livres, qualifica\u00e7\u00f5es, corridas sprint e os Grandes Pr\u00e9mios, estar\u00e1 dispon\u00edvel <strong>sem custos adicionais<\/strong> para os subscritores do servi\u00e7o Apple TV (que custa atualmente $12.99\/m\u00eas nos EUA).<\/p>\n<p>Isto significa que o acesso \u00e0 F1 deixa de exigir uma subscri\u00e7\u00e3o dedicada \u00e0 F1.TV, tornando-se um \u201cb\u00f3nus gratuito\u201d para quem j\u00e1 est\u00e1 no ecossistema Apple.<\/p>\n<p><img loading=\"lazy\" decoding=\"async\" width=\"1200\" height=\"675\" data-wp-class--hide=\"state.isContentHidden\" data-wp-class--show=\"state.isContentVisible\" data-wp-init=\"callbacks.setButtonStyles\" data-wp-on--click=\"actions.showLightbox\" data-wp-on--load=\"callbacks.setButtonStyles\" data-wp-on-window--resize=\"callbacks.setButtonStyles\" data-id=\"163688\" src=\"data:image\/svg+xml,%3Csvg%20xmlns=\" http:=\"\" alt=\"Fo\u0301rmula 1 - apple tv\" class=\"wp-image-163688\" title=\"Formula 1 Apple TV TecheNet\" data-lazy- data-lazy- data-lazy-src=\"https:\/\/www.europesays.com\/pt\/wp-content\/uploads\/2025\/12\/Formula-1-Apple-TV-1200x675.webp.webp\"\/><\/p>\n<p><img loading=\"lazy\" decoding=\"async\" width=\"1200\" height=\"675\" data-wp-class--hide=\"state.isContentHidden\" data-wp-class--show=\"state.isContentVisible\" data-wp-init=\"callbacks.setButtonStyles\" data-wp-on--click=\"actions.showLightbox\" data-wp-on--load=\"callbacks.setButtonStyles\" data-wp-on-window--resize=\"callbacks.setButtonStyles\" data-id=\"163686\" src=\"data:image\/svg+xml,%3Csvg%20xmlns=\" http:=\"\" alt=\"Fo\u0301rmula 1 - apple tv (3)\" class=\"wp-image-163686\" title=\"Formula 1 Apple TV 3 TecheNet\" data-lazy- data-lazy- data-lazy-src=\"https:\/\/www.europesays.com\/pt\/wp-content\/uploads\/2025\/12\/Formula-1-Apple-TV-3-1200x675.webp.webp\"\/><\/p>\n<p>E a F1.TV?<\/p>\n<p>Para os f\u00e3s mais puristas que preferem a experi\u00eancia da aplica\u00e7\u00e3o oficial da F1, a Apple garantiu que n\u00e3o haver\u00e1 bloqueios. Os utilizadores poder\u00e3o usar a sua conta Apple TV para fazer login no site e nas aplica\u00e7\u00f5es da <strong>F1.TV<\/strong>, mantendo o acesso \u00e0 plataforma dedicada se assim o preferirem.<\/p>\n<p>Com a temporada de 2026 a arrancar em mar\u00e7o (de 6 a 8), a Apple promete revelar mais detalhes de produ\u00e7\u00e3o nos pr\u00f3ximos meses, sinalizando que a sua entrada no paddock da F1 ser\u00e1 feita com toda a for\u00e7a tecnol\u00f3gica da marca.<\/p>\n<p><strong>Outros artigos interessantes:<\/strong><\/p>\n","protected":false},"excerpt":{"rendered":"A bandeira axadrezada caiu na temporada de 2025 da F\u00f3rmula 1, marcando tamb\u00e9m o fim de uma era:&hellip;\n","protected":false},"author":2,"featured_media":179737,"comment_status":"","ping_status":"","sticky":false,"template":"","format":"standard","meta":{"footnotes":""},"categories":[84],"tags":[109,107,108,32,33,105,103,104,106,110],"class_list":{"0":"post-179736","1":"post","2":"type-post","3":"status-publish","4":"format-standard","5":"has-post-thumbnail","7":"category-ciencia-e-tecnologia","8":"tag-ciencia","9":"tag-ciencia-e-tecnologia","10":"tag-cienciaetecnologia","11":"tag-portugal","12":"tag-pt","13":"tag-science","14":"tag-science-and-technology","15":"tag-scienceandtechnology","16":"tag-technology","17":"tag-tecnologia"},"share_on_mastodon":{"url":"https:\/\/pubeurope.com\/@pt\/115683101745981531","error":""},"_links":{"self":[{"href":"https:\/\/www.europesays.com\/pt\/wp-json\/wp\/v2\/posts\/179736","targetHints":{"allow":["GET"]}}],"collection":[{"href":"https:\/\/www.europesays.com\/pt\/wp-json\/wp\/v2\/posts"}],"about":[{"href":"https:\/\/www.europesays.com\/pt\/wp-json\/wp\/v2\/types\/post"}],"author":[{"embeddable":true,"href":"https:\/\/www.europesays.com\/pt\/wp-json\/wp\/v2\/users\/2"}],"replies":[{"embeddable":true,"href":"https:\/\/www.europesays.com\/pt\/wp-json\/wp\/v2\/comments?post=179736"}],"version-history":[{"count":0,"href":"https:\/\/www.europesays.com\/pt\/wp-json\/wp\/v2\/posts\/179736\/revisions"}],"wp:featuredmedia":[{"embeddable":true,"href":"https:\/\/www.europesays.com\/pt\/wp-json\/wp\/v2\/media\/179737"}],"wp:attachment":[{"href":"https:\/\/www.europesays.com\/pt\/wp-json\/wp\/v2\/media?parent=179736"}],"wp:term":[{"taxonomy":"category","embeddable":true,"href":"https:\/\/www.europesays.com\/pt\/wp-json\/wp\/v2\/categories?post=179736"},{"taxonomy":"post_tag","embeddable":true,"href":"https:\/\/www.europesays.com\/pt\/wp-json\/wp\/v2\/tags?post=179736"}],"curies":[{"name":"wp","href":"https:\/\/api.w.org\/{rel}","templated":true}]}}